{"id":36817,"date":"2015-06-14T12:51:47","date_gmt":"2015-06-14T09:51:47","guid":{"rendered":"http:\/\/sana.sy\/tr\/?p=36817"},"modified":"2015-06-14T13:48:29","modified_gmt":"2015-06-14T10:48:29","slug":"urdunlu-aile-ulkesinin-teroristlere-destegini-sam-buyukelciligi-onunde-oturma-eylemi-duzenledi","status":"publish","type":"post","link":"https:\/\/archive.sana.sy\/tr\/?p=36817","title":{"rendered":"\u00dcrd\u00fcnl\u00fc Aile Oturma Eylemini S\u00fcrd\u00fcr\u00fcyor"},"content":{"rendered":"<p>\u015eAM &#8211; \u00dcrd\u00fcn krall\u0131k rejiminin Suriye&#8217;de Kaide \u00d6rg\u00fct\u00fcn\u00fcn Suriye kolu Nusra Cephesi ve muhtelif adland\u0131rmalar alt\u0131ndaki di\u011fer ter\u00f6r \u00f6rg\u00fctlere deste\u011fini her hafta Pazar g\u00fcnleri \u00dcrd\u00fcn&#8217;\u00fcn \u015eam B\u00fcy\u00fckel\u00e7ili\u011fi \u00f6n\u00fcnde protesto eden \u00dcrd\u00fcnl\u00fc vatanda\u015f bug\u00fcn de sabah saatlerinde aile fertleri ve pankartlar\u0131yla b\u00fcy\u00fckel\u00e7ilik \u00f6n\u00fcnde yerini ald\u0131.<\/p>\n<p>\u00dcrd\u00fcnl\u00fc aile eyleminde &#8216;Dava, var olma davas\u0131d\u0131r&#8230; \u00dcrd\u00fcn rejimi, bizler \u00dcrd\u00fcn halk\u0131 ile ter\u00f6re deste\u011fi aras\u0131nda se\u00e7im yapmal\u0131d\u0131r&#8217;, &#8216;Bug\u00fcn er g\u00fcn\u00fc, bug\u00fcn \u00dcrd\u00fcn ve Suriye\u2019ye vefa g\u00fcn\u00fc&#8217;, ve \u201cTer\u00f6re destek son bulana dek yemek ve a\u015f haram bize&#8217; yaz\u0131l\u0131 pankartlar ta\u015f\u0131d\u0131lar.<\/p>\n<p>\u00dcrd\u00fcnl\u00fc ailenin ba\u015f\u0131 baba Ahmet Cibril Fares Cibril \u015eam\u2019daki \u00dcrd\u00fcn Konsoloslu\u011funa teslim etti\u011fi mektupta, \u00dcrd\u00fcn h\u00fck\u00fcmetini Suriye\u2019deki ter\u00f6r\u00fc desteklemesindeki hatas\u0131nda d\u00f6nmeye, ter\u00f6ristlerle ili\u015fkilerinin, \u00f6zellikle \u201cM\u00fcsl\u00fcman Karde\u015fler, Kaide, I\u015e\u0130D ve Selefiler\u201d gibi ter\u00f6r \u00f6rg\u00fct elemanlar\u0131yla dolu olmas\u0131ndan, \u00dcrd\u00fcn g\u00fcvenli\u011fine olumsuz yans\u0131yaca\u011f\u0131n\u0131 dile getirdiler.<\/p>\n<p>Eylemi d\u00fczenleyen \u00dcrd\u00fcnl\u00fc aile, \u00dcrd\u00fcn\u2019\u00fcn h\u00fck\u00fcmet efratlar\u0131ndan hi\u00e7 kimsenin de\u011fil b\u00fct\u00fcn \u00dcrd\u00fcnl\u00fclerin oldu\u011funu varsayarak, her vatanda\u015f\u0131n vatan\u0131n\u0131 korumadaki g\u00f6revini yerine getirmeye \u00e7a\u011f\u0131rd\u0131.<\/p>\n<p>Cibril gazetecilere yapt\u0131\u011f\u0131 a\u00e7\u0131klamada, ter\u00f6ristlerle olan i\u015fbirli\u011fini durdurma ve Suriye\u2019deki krizin devam etmesi sonucunda zarar g\u00f6ren \u00dcrd\u00fcnl\u00fc vatanda\u015flar\u0131n\u0131 ac\u0131lar\u0131n\u0131 hafifletmek i\u00e7in \u00dcrd\u00fcn h\u00fck\u00fcmetine bask\u0131 olan hedefini, bar\u0131\u015f\u00e7\u0131l icraatlarla\u00a0a\u00e7l\u0131k greviyle ba\u015flatt\u0131\u011f\u0131n\u0131 s\u00f6yledi.<\/p>\n<p>https:\/\/www.youtube.com\/watch?v=CRmOw8b5eNM<\/p>\n<p>A.A. &#8211; S.\u015e. &#8211; R.H.<\/p>\n","protected":false},"excerpt":{"rendered":"<p>\u015eAM &#8211; \u00dcrd\u00fcn krall\u0131k rejiminin Suriye&#8217;de Kaide \u00d6rg\u00fct\u00fcn\u00fcn Suriye kolu Nusra Cephesi ve muhtelif adland\u0131rmalar alt\u0131ndaki di\u011fer ter\u00f6r \u00f6rg\u00fctlere deste\u011fini her hafta Pazar g\u00fcnleri \u00dcrd\u00fcn&#8217;\u00fcn \u015eam B\u00fcy\u00fckel\u00e7ili\u011fi \u00f6n\u00fcnde protesto eden \u00dcrd\u00fcnl\u00fc vatanda\u015f bug\u00fcn de sabah saatlerinde aile fertleri ve pankartlar\u0131yla b\u00fcy\u00fckel\u00e7ilik \u00f6n\u00fcnde yerini ald\u0131. \u00dcrd\u00fcnl\u00fc aile eyleminde &#8216;Dava, var olma davas\u0131d\u0131r&#8230; \u00dcrd\u00fcn rejimi, bizler \u00dcrd\u00fcn &hellip;<\/p>\n","protected":false},"author":1,"featured_media":36818,"comment_status":"closed","ping_status":"closed","sticky":false,"template":"","format":"standard","meta":{"footnotes":""},"categories":[479,447,478],"tags":[15206,15205],"class_list":["post-36817","post","type-post","status-publish","format-standard","has-post-thumbnail","","category-haberler-yerel","category-politika","category-yerel","tag-urdun-rejiminin-teror-orgutlerine-destegini-surdurmesini-protesto-amacli-olarak-aile-fertleriyle-birlikte-oturma-eylemi-duzenledi","tag-urdunlu-aile-ulkesinin-teroristlere-destegini-sam-buyukelciligi-onunde-oturma-eylemi-duzenledi-sam-urdunlu-bir-vatandas-bu-sabah-ulkesinin-sam-buyukelciligi-onunde"],"_links":{"self":[{"href":"https:\/\/archive.sana.sy\/tr\/index.php?rest_route=\/wp\/v2\/posts\/36817","targetHints":{"allow":["GET"]}}],"collection":[{"href":"https:\/\/archive.sana.sy\/tr\/index.php?rest_route=\/wp\/v2\/posts"}],"about":[{"href":"https:\/\/archive.sana.sy\/tr\/index.php?rest_route=\/wp\/v2\/types\/post"}],"author":[{"embeddable":true,"href":"https:\/\/archive.sana.sy\/tr\/index.php?rest_route=\/wp\/v2\/users\/1"}],"replies":[{"embeddable":true,"href":"https:\/\/archive.sana.sy\/tr\/index.php?rest_route=%2Fwp%2Fv2%2Fcomments&post=36817"}],"version-history":[{"count":0,"href":"https:\/\/archive.sana.sy\/tr\/index.php?rest_route=\/wp\/v2\/posts\/36817\/revisions"}],"wp:featuredmedia":[{"embeddable":true,"href":"https:\/\/archive.sana.sy\/tr\/index.php?rest_route=\/wp\/v2\/media\/36818"}],"wp:attachment":[{"href":"https:\/\/archive.sana.sy\/tr\/index.php?rest_route=%2Fwp%2Fv2%2Fmedia&parent=36817"}],"wp:term":[{"taxonomy":"category","embeddable":true,"href":"https:\/\/archive.sana.sy\/tr\/index.php?rest_route=%2Fwp%2Fv2%2Fcategories&post=36817"},{"taxonomy":"post_tag","embeddable":true,"href":"https:\/\/archive.sana.sy\/tr\/index.php?rest_route=%2Fwp%2Fv2%2Ftags&post=36817"}],"curies":[{"name":"wp","href":"https:\/\/api.w.org\/{rel}","templated":true}]}}