{"id":3684,"date":"2014-06-22T16:58:49","date_gmt":"2014-06-22T13:58:49","guid":{"rendered":"http:\/\/www.sana.sy\/tr\/?p=3684"},"modified":"2014-06-22T16:58:49","modified_gmt":"2014-06-22T13:58:49","slug":"cevre-haftasi-etkinlikleri-baslatildi","status":"publish","type":"post","link":"https:\/\/archive.sana.sy\/tr\/?p=3684","title":{"rendered":"\u00c7evre Haftas\u0131 Etkinlikleri Ba\u015flat\u0131ld\u0131"},"content":{"rendered":"<p>\u015eAM \u2013 \u00c7evre \u0130\u015flerinden Sorumlu Devlet Bakanl\u0131\u011f\u0131 d\u00fcnya \u00e7\u00f6lle\u015fmeyle m\u00fccadele g\u00fcn\u00fc m\u00fcnasebetiyle \u00e7evresel bilin\u00e7lendirme haftas\u0131 ba\u015flatt\u0131.<\/p>\n<p>Bug\u00fcn ba\u015flayan \u00e7evresel bilin\u00e7lendirme haftas\u0131 etkinlikleri kapsam\u0131nda \u00e7\u00f6lle\u015fme, nedenleri ve \u00f6nlemleri hakk\u0131nda bilin\u00e7lendirici faaliyetler d\u00fczenlenirken, \u00e7evrenin korunmas\u0131 ve do\u011fal kaynaklar\u0131n muhafaza edilmesinde vatanda\u015f\u0131n rol\u00fc ve sorumluluklar\u0131na \u0131\u015f\u0131k tutuluyor.<\/p>\n<p>\u00c7evre \u0130\u015flerinden Sorumlu Devlet Bakan\u0131 Nazire Serkis \u015eam ve k\u0131rsal\u0131n\u0131n yan\u0131 s\u0131ra Kunaytra illerinde d\u00fczenlenen etkinliklerin ilgili devlet kurumlar\u0131 ve sivil toplum kurumlar\u0131n\u0131n i\u015fbrili\u011fi ile d\u00fczenlendi\u011fini a\u00e7\u0131klad\u0131.<\/p>\n","protected":false},"excerpt":{"rendered":"<p>\u015eAM \u2013 \u00c7evre \u0130\u015flerinden Sorumlu Devlet Bakanl\u0131\u011f\u0131 d\u00fcnya \u00e7\u00f6lle\u015fmeyle m\u00fccadele g\u00fcn\u00fc m\u00fcnasebetiyle \u00e7evresel bilin\u00e7lendirme haftas\u0131 ba\u015flatt\u0131. Bug\u00fcn ba\u015flayan \u00e7evresel bilin\u00e7lendirme haftas\u0131 etkinlikleri kapsam\u0131nda \u00e7\u00f6lle\u015fme, nedenleri ve \u00f6nlemleri hakk\u0131nda bilin\u00e7lendirici faaliyetler d\u00fczenlenirken, \u00e7evrenin korunmas\u0131 ve do\u011fal kaynaklar\u0131n muhafaza edilmesinde vatanda\u015f\u0131n rol\u00fc ve sorumluluklar\u0131na \u0131\u015f\u0131k tutuluyor. \u00c7evre \u0130\u015flerinden Sorumlu Devlet Bakan\u0131 Nazire Serkis \u015eam ve k\u0131rsal\u0131n\u0131n yan\u0131 &hellip;<\/p>\n","protected":false},"author":1,"featured_media":3685,"comment_status":"closed","ping_status":"closed","sticky":false,"template":"","format":"standard","meta":{"footnotes":""},"categories":[479,478],"tags":[806],"class_list":["post-3684","post","type-post","status-publish","format-standard","has-post-thumbnail","","category-haberler-yerel","category-yerel","tag-cevre-haftasi-etkinlikleri-baslatildi"],"_links":{"self":[{"href":"https:\/\/archive.sana.sy\/tr\/index.php?rest_route=\/wp\/v2\/posts\/3684","targetHints":{"allow":["GET"]}}],"collection":[{"href":"https:\/\/archive.sana.sy\/tr\/index.php?rest_route=\/wp\/v2\/posts"}],"about":[{"href":"https:\/\/archive.sana.sy\/tr\/index.php?rest_route=\/wp\/v2\/types\/post"}],"author":[{"embeddable":true,"href":"https:\/\/archive.sana.sy\/tr\/index.php?rest_route=\/wp\/v2\/users\/1"}],"replies":[{"embeddable":true,"href":"https:\/\/archive.sana.sy\/tr\/index.php?rest_route=%2Fwp%2Fv2%2Fcomments&post=3684"}],"version-history":[{"count":0,"href":"https:\/\/archive.sana.sy\/tr\/index.php?rest_route=\/wp\/v2\/posts\/3684\/revisions"}],"wp:featuredmedia":[{"embeddable":true,"href":"https:\/\/archive.sana.sy\/tr\/index.php?rest_route=\/wp\/v2\/media\/3685"}],"wp:attachment":[{"href":"https:\/\/archive.sana.sy\/tr\/index.php?rest_route=%2Fwp%2Fv2%2Fmedia&parent=3684"}],"wp:term":[{"taxonomy":"category","embeddable":true,"href":"https:\/\/archive.sana.sy\/tr\/index.php?rest_route=%2Fwp%2Fv2%2Fcategories&post=3684"},{"taxonomy":"post_tag","embeddable":true,"href":"https:\/\/archive.sana.sy\/tr\/index.php?rest_route=%2Fwp%2Fv2%2Ftags&post=3684"}],"curies":[{"name":"wp","href":"https:\/\/api.w.org\/{rel}","templated":true}]}}