{"id":36862,"date":"2015-06-14T14:22:11","date_gmt":"2015-06-14T11:22:11","guid":{"rendered":"http:\/\/sana.sy\/tr\/?p=36862"},"modified":"2015-06-14T14:22:11","modified_gmt":"2015-06-14T11:22:11","slug":"sanatci-sabah-cezairiye-vahran-film-festivalinde-en-iyi-kadin-oyuncu-odulu","status":"publish","type":"post","link":"https:\/\/archive.sana.sy\/tr\/?p=36862","title":{"rendered":"Sanat\u00e7\u0131 Sabah Cezairi\u2019ye Vahran Film Festivalinde En \u0130yi Kad\u0131n Oyuncu \u00d6d\u00fcl\u00fc"},"content":{"rendered":"<p>Sanat\u00e7\u0131 Sabah Cezairi\u2019ye Vahran Film Festivalinde En \u0130yi Kad\u0131n Oyuncu \u00d6d\u00fcl\u00fc<\/p>\n","protected":false},"excerpt":{"rendered":"<p>Sanat\u00e7\u0131 Sabah Cezairi\u2019ye Vahran Film Festivalinde En \u0130yi Kad\u0131n Oyuncu \u00d6d\u00fcl\u00fc<\/p>\n","protected":false},"author":1,"featured_media":36858,"comment_status":"closed","ping_status":"closed","sticky":false,"template":"","format":"standard","meta":{"footnotes":""},"categories":[573],"tags":[15211],"class_list":["post-36862","post","type-post","status-publish","format-standard","has-post-thumbnail","","category-goruntulu-olaylar","tag-sanatci-sabah-cezairiye-vahran-film-festivalinde-en-iyi-kadin-oyuncu-odulu"],"_links":{"self":[{"href":"https:\/\/archive.sana.sy\/tr\/index.php?rest_route=\/wp\/v2\/posts\/36862","targetHints":{"allow":["GET"]}}],"collection":[{"href":"https:\/\/archive.sana.sy\/tr\/index.php?rest_route=\/wp\/v2\/posts"}],"about":[{"href":"https:\/\/archive.sana.sy\/tr\/index.php?rest_route=\/wp\/v2\/types\/post"}],"author":[{"embeddable":true,"href":"https:\/\/archive.sana.sy\/tr\/index.php?rest_route=\/wp\/v2\/users\/1"}],"replies":[{"embeddable":true,"href":"https:\/\/archive.sana.sy\/tr\/index.php?rest_route=%2Fwp%2Fv2%2Fcomments&post=36862"}],"version-history":[{"count":0,"href":"https:\/\/archive.sana.sy\/tr\/index.php?rest_route=\/wp\/v2\/posts\/36862\/revisions"}],"wp:featuredmedia":[{"embeddable":true,"href":"https:\/\/archive.sana.sy\/tr\/index.php?rest_route=\/wp\/v2\/media\/36858"}],"wp:attachment":[{"href":"https:\/\/archive.sana.sy\/tr\/index.php?rest_route=%2Fwp%2Fv2%2Fmedia&parent=36862"}],"wp:term":[{"taxonomy":"category","embeddable":true,"href":"https:\/\/archive.sana.sy\/tr\/index.php?rest_route=%2Fwp%2Fv2%2Fcategories&post=36862"},{"taxonomy":"post_tag","embeddable":true,"href":"https:\/\/archive.sana.sy\/tr\/index.php?rest_route=%2Fwp%2Fv2%2Ftags&post=36862"}],"curies":[{"name":"wp","href":"https:\/\/api.w.org\/{rel}","templated":true}]}}