{"id":36867,"date":"2015-06-14T15:54:03","date_gmt":"2015-06-14T12:54:03","guid":{"rendered":"http:\/\/sana.sy\/tr\/?p=36867"},"modified":"2015-06-14T15:57:45","modified_gmt":"2015-06-14T12:57:45","slug":"6-cocuk-ve-iki-kadindan-olusan-ailenin-tamami-oldu","status":"publish","type":"post","link":"https:\/\/archive.sana.sy\/tr\/?p=36867","title":{"rendered":"6 \u00c7ocuk ve \u0130ki Kad\u0131ndan Olu\u015fan Ailenin Tamam\u0131 \u00d6ld\u00fc"},"content":{"rendered":"<p>SANA \u2013 Suudi rejimi sava\u015f u\u00e7aklar\u0131n\u0131n Yemen\u2019e y\u00f6nelik bombard\u0131manlar\u0131n\u0131 s\u00fcrd\u00fcr\u00fcrken bug\u00fcn yeni bir katliama imza att\u0131.<\/p>\n<p><a href=\"http:\/\/sana.sy\/tr\/wp-content\/uploads\/2015\/06\/Yemen-2.jpg\"><img loading=\"lazy\" decoding=\"async\" class=\"alignright wp-image-36875 size-medium\" src=\"http:\/\/sana.sy\/tr\/wp-content\/uploads\/2015\/06\/Yemen-2-169x300.jpg\" alt=\"Yemen 2\" width=\"169\" height=\"300\" srcset=\"https:\/\/archive.sana.sy\/tr\/wp-content\/uploads\/2015\/06\/Yemen-2-169x300.jpg 169w, https:\/\/archive.sana.sy\/tr\/wp-content\/uploads\/2015\/06\/Yemen-2-84x150.jpg 84w, https:\/\/archive.sana.sy\/tr\/wp-content\/uploads\/2015\/06\/Yemen-2.jpg 403w\" sizes=\"auto, (max-width: 169px) 100vw, 169px\" \/><\/a>Yemenli g\u00fcvenlik kaynaklar\u0131 Suudi sava\u015f u\u00e7aklar\u0131n\u0131n insanl\u0131k d\u0131\u015f\u0131 bombard\u0131manlar\u0131nda bug\u00fcn 2 kad\u0131n ve 6 \u00e7ocuktan olu\u015fan bir ailenin tamam\u0131n\u0131n aralar\u0131nda bulundu\u011fu 13 ki\u015finin \u00f6ld\u00fc\u011f\u00fcn\u00fc belirtti.<\/p>\n<p>Kaynaklar Suudi sava\u015f u\u00e7aklar\u0131n ba\u015fkent Sana\u2019n\u0131n Beyt Meyad B\u00f6lgesine y\u00f6nelik bombard\u0131manlar\u0131nda ise aralar\u0131nda yine kad\u0131n ve \u00e7ocuklar\u0131n bulundu\u011fu 69 ki\u015fiyi \u015fehit ve yaral\u0131 d\u00fc\u015f\u00fcr\u00fcp yeni bir katliama imza att\u0131klar\u0131n\u0131 belirtti.<\/p>\n<p>Di\u011fer yandan Yemen ordusu yapt\u0131\u011f\u0131 a\u00e7\u0131klamada; Suudi ordusuna tabi olan yabanc\u0131 uyruklu 40 askeri esir ald\u0131\u011f\u0131n\u0131, krall\u0131k rejimine tabi onlarca arac\u0131 da tahrip ettiklerini belirtti.<\/p>\n<p>A.A. &#8211; M.M.<\/p>\n","protected":false},"excerpt":{"rendered":"<p>SANA \u2013 Suudi rejimi sava\u015f u\u00e7aklar\u0131n\u0131n Yemen\u2019e y\u00f6nelik bombard\u0131manlar\u0131n\u0131 s\u00fcrd\u00fcr\u00fcrken bug\u00fcn yeni bir katliama imza att\u0131. Yemenli g\u00fcvenlik kaynaklar\u0131 Suudi sava\u015f u\u00e7aklar\u0131n\u0131n insanl\u0131k d\u0131\u015f\u0131 bombard\u0131manlar\u0131nda bug\u00fcn 2 kad\u0131n ve 6 \u00e7ocuktan olu\u015fan bir ailenin tamam\u0131n\u0131n aralar\u0131nda bulundu\u011fu 13 ki\u015finin \u00f6ld\u00fc\u011f\u00fcn\u00fc belirtti. Kaynaklar Suudi sava\u015f u\u00e7aklar\u0131n ba\u015fkent Sana\u2019n\u0131n Beyt Meyad B\u00f6lgesine y\u00f6nelik bombard\u0131manlar\u0131nda ise aralar\u0131nda yine &hellip;<\/p>\n","protected":false},"author":1,"featured_media":36874,"comment_status":"closed","ping_status":"closed","sticky":false,"template":"","format":"standard","meta":{"footnotes":""},"categories":[458,459,447],"tags":[15213],"class_list":["post-36867","post","type-post","status-publish","format-standard","has-post-thumbnail","","category-dunya1","category-haberler-arap-uluslararasi-politika","category-politika","tag-6-cocuk-ve-iki-kadindan-olusan-ailenin-tamami-oldu"],"_links":{"self":[{"href":"https:\/\/archive.sana.sy\/tr\/index.php?rest_route=\/wp\/v2\/posts\/36867","targetHints":{"allow":["GET"]}}],"collection":[{"href":"https:\/\/archive.sana.sy\/tr\/index.php?rest_route=\/wp\/v2\/posts"}],"about":[{"href":"https:\/\/archive.sana.sy\/tr\/index.php?rest_route=\/wp\/v2\/types\/post"}],"author":[{"embeddable":true,"href":"https:\/\/archive.sana.sy\/tr\/index.php?rest_route=\/wp\/v2\/users\/1"}],"replies":[{"embeddable":true,"href":"https:\/\/archive.sana.sy\/tr\/index.php?rest_route=%2Fwp%2Fv2%2Fcomments&post=36867"}],"version-history":[{"count":0,"href":"https:\/\/archive.sana.sy\/tr\/index.php?rest_route=\/wp\/v2\/posts\/36867\/revisions"}],"wp:featuredmedia":[{"embeddable":true,"href":"https:\/\/archive.sana.sy\/tr\/index.php?rest_route=\/wp\/v2\/media\/36874"}],"wp:attachment":[{"href":"https:\/\/archive.sana.sy\/tr\/index.php?rest_route=%2Fwp%2Fv2%2Fmedia&parent=36867"}],"wp:term":[{"taxonomy":"category","embeddable":true,"href":"https:\/\/archive.sana.sy\/tr\/index.php?rest_route=%2Fwp%2Fv2%2Fcategories&post=36867"},{"taxonomy":"post_tag","embeddable":true,"href":"https:\/\/archive.sana.sy\/tr\/index.php?rest_route=%2Fwp%2Fv2%2Ftags&post=36867"}],"curies":[{"name":"wp","href":"https:\/\/api.w.org\/{rel}","templated":true}]}}