{"id":3689,"date":"2014-06-22T18:26:32","date_gmt":"2014-06-22T15:26:32","guid":{"rendered":"http:\/\/www.sana.sy\/tr\/?p=3689"},"modified":"2014-06-22T18:26:32","modified_gmt":"2014-06-22T15:26:32","slug":"iki-kapi-da-irak-guclerinin-elindedir","status":"publish","type":"post","link":"https:\/\/archive.sana.sy\/tr\/?p=3689","title":{"rendered":"\u0130ki Kap\u0131 Da Irak G\u00fc\u00e7lerinin Elindedir"},"content":{"rendered":"<p>BA\u011eDAT \u2013 Siyonist \u0130srail&#8217;in b\u00f6lgede kan, \u015fiddet ve kaosun yay\u0131lmas\u0131yla birlikte g\u00fcvenlik ve istikrar\u0131n sabote edilmesindeki misyonuna yeni bir kan\u0131t olarak Irak g\u00fcvenlik g\u00fc\u00e7leri bug\u00fcn Diyale Kentinde tekfirci ter\u00f6r gruplar\u0131n\u0131n yuvalar\u0131nda \u0130srail yap\u0131m\u0131 silahlar ele ge\u00e7irdi.<\/p>\n<p>Irak Enformasyon \u015eebekesi ter\u00f6ristlerin yuvalar\u0131nda \u0130srail yap\u0131m\u0131 muhtelif t\u00fcr silahlar ele ge\u00e7irildi\u011fini aktard\u0131.<\/p>\n<p>\u00d6te yandan Musul A\u015firetler Toplulu\u011fu \u00fcyesi Ali Beyyat; \u2018Irak ve \u015eam \u0130slami Devleti\u2019 ad\u0131yla bilinen tekfirci ter\u00f6r \u00f6rg\u00fct\u00fc ter\u00f6ristlerinin Nenova iline tabi Musul Kentinin Mansur Semtinde, kendilerinin emirlerine uymad\u0131klar\u0131 gerek\u00e7esiyle Irakl\u0131 4 gen\u00e7 k\u0131z\u0131 meydanda infaz etti.<\/p>\n<p>Bu arada Irakl\u0131 Parlamenter Abbas el Beyati bas\u0131na yapt\u0131\u011f\u0131 a\u00e7\u0131klamada; ABD\u2019nin Irak\u2019a yak\u0131n devletlerden Irak topraklar\u0131 \u00fczerinde ter\u00f6ristlerin yuva ve karargahlar\u0131na hava yada f\u00fcze sald\u0131r\u0131s\u0131nda bulunmas\u0131n\u0131n beklendi\u011fini s\u00f6yledi.<\/p>\n<p>Di\u011fer yandan Irak \u0130\u00e7i\u015fleri Bakanl\u0131\u011f\u0131 kimi provokat\u00f6r medya ara\u00e7lar\u0131nda Irak g\u00fcvenlik g\u00fc\u00e7lerinin el velid ve Traybil s\u0131n\u0131r kap\u0131lar\u0131ndan \u00e7ekildikleri ve iki s\u0131n\u0131r kap\u0131s\u0131n\u0131n \u2018Irak ve \u015eam \u0130slami Devleti\u2019 ter\u00f6ristlerinin eline ge\u00e7ti\u011fi y\u00f6n\u00fcndeki haberlerin asl\u0131 ger\u00e7e\u011fi olmad\u0131\u011f\u0131n\u0131 belirtti.<\/p>\n<p>Irak \u0130\u00e7i\u015fleri Bakanl\u0131\u011f\u0131 resmi s\u00f6zc\u00fcs\u00fc T\u00fcmgeneral Saad Maen iki kap\u0131n\u0131n Irak g\u00fc\u00e7lerinin elinde oldu\u011funu ve iki kap\u0131da ya\u015fam s\u00fcrecinin normal \u015fekilde seyir etti\u011fini vurgulad\u0131.<\/p>\n","protected":false},"excerpt":{"rendered":"<p>BA\u011eDAT \u2013 Siyonist \u0130srail&#8217;in b\u00f6lgede kan, \u015fiddet ve kaosun yay\u0131lmas\u0131yla birlikte g\u00fcvenlik ve istikrar\u0131n sabote edilmesindeki misyonuna yeni bir kan\u0131t olarak Irak g\u00fcvenlik g\u00fc\u00e7leri bug\u00fcn Diyale Kentinde tekfirci ter\u00f6r gruplar\u0131n\u0131n yuvalar\u0131nda \u0130srail yap\u0131m\u0131 silahlar ele ge\u00e7irdi. Irak Enformasyon \u015eebekesi ter\u00f6ristlerin yuvalar\u0131nda \u0130srail yap\u0131m\u0131 muhtelif t\u00fcr silahlar ele ge\u00e7irildi\u011fini aktard\u0131. \u00d6te yandan Musul A\u015firetler Toplulu\u011fu \u00fcyesi &hellip;<\/p>\n","protected":false},"author":1,"featured_media":3690,"comment_status":"closed","ping_status":"closed","sticky":false,"template":"","format":"standard","meta":{"footnotes":""},"categories":[458,459],"tags":[807],"class_list":["post-3689","post","type-post","status-publish","format-standard","has-post-thumbnail","","category-dunya1","category-haberler-arap-uluslararasi-politika","tag-iki-kapi-da-irak-guclerinin-elindedir"],"_links":{"self":[{"href":"https:\/\/archive.sana.sy\/tr\/index.php?rest_route=\/wp\/v2\/posts\/3689","targetHints":{"allow":["GET"]}}],"collection":[{"href":"https:\/\/archive.sana.sy\/tr\/index.php?rest_route=\/wp\/v2\/posts"}],"about":[{"href":"https:\/\/archive.sana.sy\/tr\/index.php?rest_route=\/wp\/v2\/types\/post"}],"author":[{"embeddable":true,"href":"https:\/\/archive.sana.sy\/tr\/index.php?rest_route=\/wp\/v2\/users\/1"}],"replies":[{"embeddable":true,"href":"https:\/\/archive.sana.sy\/tr\/index.php?rest_route=%2Fwp%2Fv2%2Fcomments&post=3689"}],"version-history":[{"count":0,"href":"https:\/\/archive.sana.sy\/tr\/index.php?rest_route=\/wp\/v2\/posts\/3689\/revisions"}],"wp:featuredmedia":[{"embeddable":true,"href":"https:\/\/archive.sana.sy\/tr\/index.php?rest_route=\/wp\/v2\/media\/3690"}],"wp:attachment":[{"href":"https:\/\/archive.sana.sy\/tr\/index.php?rest_route=%2Fwp%2Fv2%2Fmedia&parent=3689"}],"wp:term":[{"taxonomy":"category","embeddable":true,"href":"https:\/\/archive.sana.sy\/tr\/index.php?rest_route=%2Fwp%2Fv2%2Fcategories&post=3689"},{"taxonomy":"post_tag","embeddable":true,"href":"https:\/\/archive.sana.sy\/tr\/index.php?rest_route=%2Fwp%2Fv2%2Ftags&post=3689"}],"curies":[{"name":"wp","href":"https:\/\/api.w.org\/{rel}","templated":true}]}}