{"id":3692,"date":"2014-06-22T18:40:04","date_gmt":"2014-06-22T15:40:04","guid":{"rendered":"http:\/\/www.sana.sy\/tr\/?p=3692"},"modified":"2014-06-22T18:40:04","modified_gmt":"2014-06-22T15:40:04","slug":"yermuk-silah-ve-silahlilardan-bosaltilacak","status":"publish","type":"post","link":"https:\/\/archive.sana.sy\/tr\/?p=3692","title":{"rendered":"Yerm\u00fck Silah ve Silahl\u0131lardan Bo\u015falt\u0131lacak"},"content":{"rendered":"<p>\u015eAM \u2013 Filistin Kurtulu\u015f \u00d6rg\u00fct\u00fcn\u00fcn (FK\u00d6) \u015eam\u2019daki Siyasi Daire M\u00fcd\u00fcr\u00fc B\u00fcy\u00fckel\u00e7i Enver Abd\u00fclhadi; d\u00fcn ak\u015fam saatlerinde Suriye devleti ve FK\u00d6\u2019n\u00fcn denetimi alt\u0131nda \u015eam\u2019da Filistinli m\u00fcltecilerin yo\u011fun olarak ya\u015fad\u0131klar\u0131 Yerm\u00fck Semtinin silah ve silahl\u0131lardan tahliye edilmesini ama\u00e7layan bir anla\u015fma imzaland\u0131\u011f\u0131n\u0131 a\u00e7\u0131klad\u0131.<\/p>\n<p>Abd\u00fclhadi SANA\u2019ya a\u00e7\u0131klamas\u0131nda Yerm\u00fck sakinlerinin uzun s\u00fcreden beri ya\u015fad\u0131klar\u0131 \u0131st\u0131rap ve ac\u0131lar\u0131na son verip evlerine d\u00f6nmelerini sa\u011flamay\u0131 ama\u00e7layan s\u00f6z konusu anla\u015fma kapsam\u0131nda Yerm\u00fck\u2019te bulunan ve teslim olup genel af karar\u0131ndan faydalanmak isteyenlerin kanuni durumlar\u0131n\u0131n d\u00fczeltilmesini \u00f6ng\u00f6rd\u00fc\u011f\u00fcn\u00fc s\u00f6yledi.<\/p>\n<p>B\u00f6lgenin silah ve silahl\u0131lardan tahliye edilmesi ard\u0131ndan arama tarama operasyonuyla bubi tuzaklar\u0131 ve bomba d\u00fczeneklerinin etkisiz hale getirilece\u011fini, barikatlar\u0131n da kald\u0131r\u0131laca\u011f\u0131n\u0131 belirten Abd\u00fclhadi; daha sonra onar\u0131m ekiplerinin altyap\u0131 ve hizmet kurumlar\u0131n\u0131 onarma \u00e7al\u0131\u015fmalar\u0131 yapacaklar\u0131n\u0131 s\u00f6yledi.<\/p>\n<p>Abd\u00fclhadi anlamay\u0131 tam olarak hayata ge\u00e7irmenin azim, irade ve d\u00fcr\u00fcstl\u00fc\u011fe gerek duydu\u011funa i\u015faret ederken, t\u00fcm bunlar\u0131n da Suriye devleti ve FK\u00d6\u2019de mevcut olduklar\u0131n\u0131 belirtti.<\/p>\n","protected":false},"excerpt":{"rendered":"<p>\u015eAM \u2013 Filistin Kurtulu\u015f \u00d6rg\u00fct\u00fcn\u00fcn (FK\u00d6) \u015eam\u2019daki Siyasi Daire M\u00fcd\u00fcr\u00fc B\u00fcy\u00fckel\u00e7i Enver Abd\u00fclhadi; d\u00fcn ak\u015fam saatlerinde Suriye devleti ve FK\u00d6\u2019n\u00fcn denetimi alt\u0131nda \u015eam\u2019da Filistinli m\u00fcltecilerin yo\u011fun olarak ya\u015fad\u0131klar\u0131 Yerm\u00fck Semtinin silah ve silahl\u0131lardan tahliye edilmesini ama\u00e7layan bir anla\u015fma imzaland\u0131\u011f\u0131n\u0131 a\u00e7\u0131klad\u0131. Abd\u00fclhadi SANA\u2019ya a\u00e7\u0131klamas\u0131nda Yerm\u00fck sakinlerinin uzun s\u00fcreden beri ya\u015fad\u0131klar\u0131 \u0131st\u0131rap ve ac\u0131lar\u0131na son verip evlerine &hellip;<\/p>\n","protected":false},"author":1,"featured_media":3693,"comment_status":"closed","ping_status":"closed","sticky":false,"template":"","format":"standard","meta":{"footnotes":""},"categories":[479,575,447,478],"tags":[808],"class_list":["post-3692","post","type-post","status-publish","format-standard","has-post-thumbnail","","category-haberler-yerel","category-olaylar-ve-gercekler","category-politika","category-yerel","tag-yermuk-silah-ve-silahlilardan-bosaltilacak"],"_links":{"self":[{"href":"https:\/\/archive.sana.sy\/tr\/index.php?rest_route=\/wp\/v2\/posts\/3692","targetHints":{"allow":["GET"]}}],"collection":[{"href":"https:\/\/archive.sana.sy\/tr\/index.php?rest_route=\/wp\/v2\/posts"}],"about":[{"href":"https:\/\/archive.sana.sy\/tr\/index.php?rest_route=\/wp\/v2\/types\/post"}],"author":[{"embeddable":true,"href":"https:\/\/archive.sana.sy\/tr\/index.php?rest_route=\/wp\/v2\/users\/1"}],"replies":[{"embeddable":true,"href":"https:\/\/archive.sana.sy\/tr\/index.php?rest_route=%2Fwp%2Fv2%2Fcomments&post=3692"}],"version-history":[{"count":0,"href":"https:\/\/archive.sana.sy\/tr\/index.php?rest_route=\/wp\/v2\/posts\/3692\/revisions"}],"wp:featuredmedia":[{"embeddable":true,"href":"https:\/\/archive.sana.sy\/tr\/index.php?rest_route=\/wp\/v2\/media\/3693"}],"wp:attachment":[{"href":"https:\/\/archive.sana.sy\/tr\/index.php?rest_route=%2Fwp%2Fv2%2Fmedia&parent=3692"}],"wp:term":[{"taxonomy":"category","embeddable":true,"href":"https:\/\/archive.sana.sy\/tr\/index.php?rest_route=%2Fwp%2Fv2%2Fcategories&post=3692"},{"taxonomy":"post_tag","embeddable":true,"href":"https:\/\/archive.sana.sy\/tr\/index.php?rest_route=%2Fwp%2Fv2%2Ftags&post=3692"}],"curies":[{"name":"wp","href":"https:\/\/api.w.org\/{rel}","templated":true}]}}