{"id":36998,"date":"2015-06-15T16:18:51","date_gmt":"2015-06-15T13:18:51","guid":{"rendered":"http:\/\/sana.sy\/tr\/?p=36998"},"modified":"2015-06-15T16:22:43","modified_gmt":"2015-06-15T13:22:43","slug":"suveyda-kadinlari-orduya-destek-kampanyasi-baslatti","status":"publish","type":"post","link":"https:\/\/archive.sana.sy\/tr\/?p=36998","title":{"rendered":"S\u00fcveyda Kad\u0131nlar\u0131 Orduya Destek Kampanyas\u0131 Ba\u015flatt\u0131"},"content":{"rendered":"<p>S\u00dcVEYDA \u2013 S\u00fcveyda\u2019da Kad\u0131nlar Birli\u011fi \u0130l \u015eubesi bug\u00fcn Sale Havaliman\u0131ndaki vatan koruyucular\u0131m\u0131za destek amac\u0131yla \u2018Cebel Kad\u0131nlar\u0131 Mutfa\u011f\u0131\u2019 slogan\u0131 alt\u0131nda kampanya ba\u015flatt\u0131.<\/p>\n<p>S\u00fcveyda\u2019da Devrim Gen\u00e7li\u011fi Birli\u011fi ve \u00d6\u011frenciler Birli\u011finin yan\u0131 s\u0131ra muhtelif halk \u00f6rg\u00fctlerinin i\u015fbirli\u011fi ile Baas \u00d6nc\u00fcleri Kamp\u0131ndaki ge\u00e7ici ikamet merkezinde ba\u015flat\u0131lan kampanyada S\u00fcveydal\u0131 kad\u0131nlar vatan ve vatanda\u015flar\u0131n g\u00fcvenli\u011fi i\u00e7in gece g\u00fcnd\u00fcz sava\u015fan kahraman askerlere deste\u011fin vatani ve insani bir g\u00f6rev oldu\u011funu belirtti. Kad\u0131nlar kahraman askerlerin Suriye&#8217;nin ezeli d\u00fc\u015fman\u0131 i\u015fgalci \u0130srail, \u00dcrd\u00fcn, Suudi Arabistan, Katar ve T\u00fcrkiye rejimlerinin destekledikleri, d\u00fcnyan\u0131n d\u00f6rt bir yan\u0131ndan toplad\u0131klar\u0131 tekfirci ve kiral\u0131k ter\u00f6ristlere ilaveten d\u0131\u015f g\u00fc\u00e7lerin elinde edat olan vatan hainlerine kar\u015f\u0131 ulusal ba\u011f\u0131ms\u0131zl\u0131\u011f\u0131yla birlikte vatanda\u015flar\u0131n can g\u00fcvenli\u011fi ve onurlar\u0131n\u0131 savunan yi\u011fitlere yemek haz\u0131rlay\u0131p takdim etmenin b\u00fcy\u00fck bir onur oldu\u011funu ifade etti.<\/p>\n<p>Vatan koruyucular\u0131 askerlerin Suriye kad\u0131nlar\u0131n\u0131n e\u015fleri, evlatlar\u0131, abileri ve karde\u015fleri oldu\u011funa dikkat \u00e7eken kad\u0131nlar; bu kampanya ile Suriye kad\u0131nlar\u0131n\u0131n nerede olurlarsa olsun bu evlatlar\u0131n\u0131 el birli\u011fi ile ve her \u015fekilde destekleyecekleri y\u00f6n\u00fcnde t\u00fcm d\u00fcnyaya bir mesaj vermek istediklerini vurgulad\u0131. Kad\u0131nlar ordu birliklerimizin ter\u00f6re kar\u015f\u0131 sava\u015fla onur ve \u015fereflerini savunduklar\u0131n\u0131, bunlara sahip olan her Suriyelinin de orduyu desteklemesi gerekti\u011finin alt\u0131n\u0131 \u00e7izdi.<\/p>\n<div id='gallery-1' class='gallery galleryid-36998 gallery-columns-3 gallery-size-thumbnail'><figure class='gallery-item'>\n\t\t\t<div class='gallery-icon landscape'>\n\t\t\t\t<a href='https:\/\/archive.sana.sy\/tr\/wp-content\/uploads\/2015\/06\/S\u00fcveyda-Kad\u0131nlar\u0131-Orduya-Destek-Kampanyas\u0131-Ba\u015flatt\u0131-2.jpg'><img loading=\"lazy\" decoding=\"async\" width=\"150\" height=\"107\" src=\"https:\/\/archive.sana.sy\/tr\/wp-content\/uploads\/2015\/06\/S\u00fcveyda-Kad\u0131nlar\u0131-Orduya-Destek-Kampanyas\u0131-Ba\u015flatt\u0131-2-150x107.jpg\" class=\"attachment-thumbnail size-thumbnail\" alt=\"\" srcset=\"https:\/\/archive.sana.sy\/tr\/wp-content\/uploads\/2015\/06\/S\u00fcveyda-Kad\u0131nlar\u0131-Orduya-Destek-Kampanyas\u0131-Ba\u015flatt\u0131-2-150x107.jpg 150w, https:\/\/archive.sana.sy\/tr\/wp-content\/uploads\/2015\/06\/S\u00fcveyda-Kad\u0131nlar\u0131-Orduya-Destek-Kampanyas\u0131-Ba\u015flatt\u0131-2-300x213.jpg 300w, https:\/\/archive.sana.sy\/tr\/wp-content\/uploads\/2015\/06\/S\u00fcveyda-Kad\u0131nlar\u0131-Orduya-Destek-Kampanyas\u0131-Ba\u015flatt\u0131-2.jpg 1000w\" sizes=\"auto, (max-width: 150px) 100vw, 150px\" \/><\/a>\n\t\t\t<\/div><\/figure><figure class='gallery-item'>\n\t\t\t<div class='gallery-icon landscape'>\n\t\t\t\t<a href='https:\/\/archive.sana.sy\/tr\/wp-content\/uploads\/2015\/06\/S\u00fcveyda-Kad\u0131nlar\u0131-Orduya-Destek-Kampanyas\u0131-Ba\u015flatt\u0131-3.jpg'><img loading=\"lazy\" decoding=\"async\" width=\"150\" height=\"102\" src=\"https:\/\/archive.sana.sy\/tr\/wp-content\/uploads\/2015\/06\/S\u00fcveyda-Kad\u0131nlar\u0131-Orduya-Destek-Kampanyas\u0131-Ba\u015flatt\u0131-3-150x102.jpg\" class=\"attachment-thumbnail size-thumbnail\" alt=\"\" srcset=\"https:\/\/archive.sana.sy\/tr\/wp-content\/uploads\/2015\/06\/S\u00fcveyda-Kad\u0131nlar\u0131-Orduya-Destek-Kampanyas\u0131-Ba\u015flatt\u0131-3-150x102.jpg 150w, https:\/\/archive.sana.sy\/tr\/wp-content\/uploads\/2015\/06\/S\u00fcveyda-Kad\u0131nlar\u0131-Orduya-Destek-Kampanyas\u0131-Ba\u015flatt\u0131-3-300x204.jpg 300w, https:\/\/archive.sana.sy\/tr\/wp-content\/uploads\/2015\/06\/S\u00fcveyda-Kad\u0131nlar\u0131-Orduya-Destek-Kampanyas\u0131-Ba\u015flatt\u0131-3.jpg 1000w\" sizes=\"auto, (max-width: 150px) 100vw, 150px\" \/><\/a>\n\t\t\t<\/div><\/figure><figure class='gallery-item'>\n\t\t\t<div class='gallery-icon landscape'>\n\t\t\t\t<a href='https:\/\/archive.sana.sy\/tr\/wp-content\/uploads\/2015\/06\/S\u00fcveyda-Kad\u0131nlar\u0131-Orduya-Destek-Kampanyas\u0131-Ba\u015flatt\u0131-4.jpg'><img loading=\"lazy\" decoding=\"async\" width=\"150\" height=\"101\" src=\"https:\/\/archive.sana.sy\/tr\/wp-content\/uploads\/2015\/06\/S\u00fcveyda-Kad\u0131nlar\u0131-Orduya-Destek-Kampanyas\u0131-Ba\u015flatt\u0131-4-150x101.jpg\" class=\"attachment-thumbnail size-thumbnail\" alt=\"\" srcset=\"https:\/\/archive.sana.sy\/tr\/wp-content\/uploads\/2015\/06\/S\u00fcveyda-Kad\u0131nlar\u0131-Orduya-Destek-Kampanyas\u0131-Ba\u015flatt\u0131-4-150x101.jpg 150w, https:\/\/archive.sana.sy\/tr\/wp-content\/uploads\/2015\/06\/S\u00fcveyda-Kad\u0131nlar\u0131-Orduya-Destek-Kampanyas\u0131-Ba\u015flatt\u0131-4-300x202.jpg 300w, https:\/\/archive.sana.sy\/tr\/wp-content\/uploads\/2015\/06\/S\u00fcveyda-Kad\u0131nlar\u0131-Orduya-Destek-Kampanyas\u0131-Ba\u015flatt\u0131-4.jpg 1000w\" sizes=\"auto, (max-width: 150px) 100vw, 150px\" \/><\/a>\n\t\t\t<\/div><\/figure><figure class='gallery-item'>\n\t\t\t<div class='gallery-icon landscape'>\n\t\t\t\t<a href='https:\/\/archive.sana.sy\/tr\/wp-content\/uploads\/2015\/06\/S\u00fcveyda-Kad\u0131nlar\u0131-Orduya-Destek-Kampanyas\u0131-Ba\u015flatt\u0131-5.jpg'><img loading=\"lazy\" decoding=\"async\" width=\"150\" height=\"96\" src=\"https:\/\/archive.sana.sy\/tr\/wp-content\/uploads\/2015\/06\/S\u00fcveyda-Kad\u0131nlar\u0131-Orduya-Destek-Kampanyas\u0131-Ba\u015flatt\u0131-5-150x96.jpg\" class=\"attachment-thumbnail size-thumbnail\" alt=\"\" srcset=\"https:\/\/archive.sana.sy\/tr\/wp-content\/uploads\/2015\/06\/S\u00fcveyda-Kad\u0131nlar\u0131-Orduya-Destek-Kampanyas\u0131-Ba\u015flatt\u0131-5-150x96.jpg 150w, https:\/\/archive.sana.sy\/tr\/wp-content\/uploads\/2015\/06\/S\u00fcveyda-Kad\u0131nlar\u0131-Orduya-Destek-Kampanyas\u0131-Ba\u015flatt\u0131-5-300x193.jpg 300w, https:\/\/archive.sana.sy\/tr\/wp-content\/uploads\/2015\/06\/S\u00fcveyda-Kad\u0131nlar\u0131-Orduya-Destek-Kampanyas\u0131-Ba\u015flatt\u0131-5.jpg 1000w\" sizes=\"auto, (max-width: 150px) 100vw, 150px\" \/><\/a>\n\t\t\t<\/div><\/figure><figure class='gallery-item'>\n\t\t\t<div class='gallery-icon landscape'>\n\t\t\t\t<a href='https:\/\/archive.sana.sy\/tr\/wp-content\/uploads\/2015\/06\/S\u00fcveyda-Kad\u0131nlar\u0131-Orduya-Destek-Kampanyas\u0131-Ba\u015flatt\u0131-6.jpg'><img loading=\"lazy\" decoding=\"async\" width=\"150\" height=\"99\" src=\"https:\/\/archive.sana.sy\/tr\/wp-content\/uploads\/2015\/06\/S\u00fcveyda-Kad\u0131nlar\u0131-Orduya-Destek-Kampanyas\u0131-Ba\u015flatt\u0131-6-150x99.jpg\" class=\"attachment-thumbnail size-thumbnail\" alt=\"\" srcset=\"https:\/\/archive.sana.sy\/tr\/wp-content\/uploads\/2015\/06\/S\u00fcveyda-Kad\u0131nlar\u0131-Orduya-Destek-Kampanyas\u0131-Ba\u015flatt\u0131-6-150x99.jpg 150w, https:\/\/archive.sana.sy\/tr\/wp-content\/uploads\/2015\/06\/S\u00fcveyda-Kad\u0131nlar\u0131-Orduya-Destek-Kampanyas\u0131-Ba\u015flatt\u0131-6-300x199.jpg 300w, https:\/\/archive.sana.sy\/tr\/wp-content\/uploads\/2015\/06\/S\u00fcveyda-Kad\u0131nlar\u0131-Orduya-Destek-Kampanyas\u0131-Ba\u015flatt\u0131-6.jpg 1000w\" sizes=\"auto, (max-width: 150px) 100vw, 150px\" \/><\/a>\n\t\t\t<\/div><\/figure><figure class='gallery-item'>\n\t\t\t<div class='gallery-icon landscape'>\n\t\t\t\t<a href='https:\/\/archive.sana.sy\/tr\/wp-content\/uploads\/2015\/06\/S\u00fcveyda-Kad\u0131nlar\u0131-Orduya-Destek-Kampanyas\u0131-Ba\u015flatt\u0131-1.jpg'><img loading=\"lazy\" decoding=\"async\" width=\"150\" height=\"100\" src=\"https:\/\/archive.sana.sy\/tr\/wp-content\/uploads\/2015\/06\/S\u00fcveyda-Kad\u0131nlar\u0131-Orduya-Destek-Kampanyas\u0131-Ba\u015flatt\u0131-1-150x100.jpg\" class=\"attachment-thumbnail size-thumbnail\" alt=\"\" srcset=\"https:\/\/archive.sana.sy\/tr\/wp-content\/uploads\/2015\/06\/S\u00fcveyda-Kad\u0131nlar\u0131-Orduya-Destek-Kampanyas\u0131-Ba\u015flatt\u0131-1-150x100.jpg 150w, https:\/\/archive.sana.sy\/tr\/wp-content\/uploads\/2015\/06\/S\u00fcveyda-Kad\u0131nlar\u0131-Orduya-Destek-Kampanyas\u0131-Ba\u015flatt\u0131-1-300x199.jpg 300w, https:\/\/archive.sana.sy\/tr\/wp-content\/uploads\/2015\/06\/S\u00fcveyda-Kad\u0131nlar\u0131-Orduya-Destek-Kampanyas\u0131-Ba\u015flatt\u0131-1.jpg 1000w\" sizes=\"auto, (max-width: 150px) 100vw, 150px\" \/><\/a>\n\t\t\t<\/div><\/figure>\n\t\t<\/div>\n\n<p>A.A. &#8211; M.M.<\/p>\n","protected":false},"excerpt":{"rendered":"<p>S\u00dcVEYDA \u2013 S\u00fcveyda\u2019da Kad\u0131nlar Birli\u011fi \u0130l \u015eubesi bug\u00fcn Sale Havaliman\u0131ndaki vatan koruyucular\u0131m\u0131za destek amac\u0131yla \u2018Cebel Kad\u0131nlar\u0131 Mutfa\u011f\u0131\u2019 slogan\u0131 alt\u0131nda kampanya ba\u015flatt\u0131. S\u00fcveyda\u2019da Devrim Gen\u00e7li\u011fi Birli\u011fi ve \u00d6\u011frenciler Birli\u011finin yan\u0131 s\u0131ra muhtelif halk \u00f6rg\u00fctlerinin i\u015fbirli\u011fi ile Baas \u00d6nc\u00fcleri Kamp\u0131ndaki ge\u00e7ici ikamet merkezinde ba\u015flat\u0131lan kampanyada S\u00fcveydal\u0131 kad\u0131nlar vatan ve vatanda\u015flar\u0131n g\u00fcvenli\u011fi i\u00e7in gece g\u00fcnd\u00fcz sava\u015fan kahraman askerlere &hellip;<\/p>\n","protected":false},"author":1,"featured_media":37001,"comment_status":"closed","ping_status":"closed","sticky":false,"template":"","format":"standard","meta":{"footnotes":""},"categories":[596,479,478],"tags":[15231],"class_list":["post-36998","post","type-post","status-publish","format-standard","has-post-thumbnail","","category-fotografli-raporlar","category-haberler-yerel","category-yerel","tag-suveyda-kadinlari-orduya-destek-kampanyasi-baslatti"],"_links":{"self":[{"href":"https:\/\/archive.sana.sy\/tr\/index.php?rest_route=\/wp\/v2\/posts\/36998","targetHints":{"allow":["GET"]}}],"collection":[{"href":"https:\/\/archive.sana.sy\/tr\/index.php?rest_route=\/wp\/v2\/posts"}],"about":[{"href":"https:\/\/archive.sana.sy\/tr\/index.php?rest_route=\/wp\/v2\/types\/post"}],"author":[{"embeddable":true,"href":"https:\/\/archive.sana.sy\/tr\/index.php?rest_route=\/wp\/v2\/users\/1"}],"replies":[{"embeddable":true,"href":"https:\/\/archive.sana.sy\/tr\/index.php?rest_route=%2Fwp%2Fv2%2Fcomments&post=36998"}],"version-history":[{"count":0,"href":"https:\/\/archive.sana.sy\/tr\/index.php?rest_route=\/wp\/v2\/posts\/36998\/revisions"}],"wp:featuredmedia":[{"embeddable":true,"href":"https:\/\/archive.sana.sy\/tr\/index.php?rest_route=\/wp\/v2\/media\/37001"}],"wp:attachment":[{"href":"https:\/\/archive.sana.sy\/tr\/index.php?rest_route=%2Fwp%2Fv2%2Fmedia&parent=36998"}],"wp:term":[{"taxonomy":"category","embeddable":true,"href":"https:\/\/archive.sana.sy\/tr\/index.php?rest_route=%2Fwp%2Fv2%2Fcategories&post=36998"},{"taxonomy":"post_tag","embeddable":true,"href":"https:\/\/archive.sana.sy\/tr\/index.php?rest_route=%2Fwp%2Fv2%2Ftags&post=36998"}],"curies":[{"name":"wp","href":"https:\/\/api.w.org\/{rel}","templated":true}]}}