{"id":37051,"date":"2015-06-15T20:21:45","date_gmt":"2015-06-15T17:21:45","guid":{"rendered":"http:\/\/sana.sy\/tr\/?p=37051"},"modified":"2015-06-16T15:11:25","modified_gmt":"2015-06-16T12:11:25","slug":"37051","status":"publish","type":"post","link":"https:\/\/archive.sana.sy\/tr\/?p=37051","title":{"rendered":"Erdo\u011fan \u00c7eteleri Geneli Sivil ve \u00c7ocuk Onlarca Vatanda\u015f\u0131 \u015eehit Yaral\u0131 D\u00fc\u015f\u00fcrd\u00fc"},"content":{"rendered":"<p>HALEP \u2013 \u2018Il\u0131ml\u0131 muhalifler\u2019 olarak adland\u0131r\u0131lan ve T\u00fcrkiye&#8217;de eli kanl\u0131 Erdo\u011fan rejiminin destek-koordinasyonlar\u0131yla faaliyet g\u00f6steren ter\u00f6r \u00e7eteleri yeniden Halep Kentinin sivil yerle\u015fim alanlar\u0131n\u0131 f\u00fcze ve havan mermileriyle hedef ald\u0131.<\/p>\n<p>Halep Valili\u011finde bir kaynak Beni Zeyd Semtindeki tekfirci ve vatan haini ter\u00f6ristlerin S\u00fcryan Semtinin yan\u0131 s\u0131ra Faysal ve Nil Caddelerini \u00e7ok say\u0131da f\u00fczeyle hedef ald\u0131klar\u0131n\u0131 belirtmi\u015fti.<\/p>\n<p>Kaynak gaddar sald\u0131r\u0131larda geneli \u00e7ocuk ve kad\u0131nlardan olu\u015fan onlarca sivil vatanda\u015f\u0131n \u015fehit ve yaral\u0131 d\u00fc\u015ft\u00fcklerini, vatanda\u015flar\u0131n ev, i\u015fyerleri ve ara\u00e7lar\u0131n\u0131n da b\u00fcy\u00fck hasar g\u00f6rd\u00fc\u011f\u00fcn\u00fc aktarm\u0131\u015ft\u0131.<\/p>\n<p>Yerle\u015fim binalar\u0131n\u0131n bir k\u0131sm\u0131nda b\u00fcy\u00fck bir y\u0131k\u0131lman\u0131n meydana geldi\u011fini ifade eden kaynak; sivil savunma g\u00fc\u00e7leri, g\u00fcvenlik g\u00fc\u00e7leri ve sivil toplum kurumlar\u0131n\u0131n hain sald\u0131r\u0131lar sonucunda y\u0131k\u0131lan binalar\u0131n enkaz\u0131 alt\u0131ndan masum insanlar\u0131 \u00e7\u0131karma \u00e7al\u0131\u015fmalar\u0131n\u0131 s\u00fcrd\u00fcrd\u00fcklerini belirtti.<\/p>\n<p>Halep Sa\u011fl\u0131k M\u00fcd\u00fcrl\u00fc\u011f\u00fcnde bir kaynak ise; son a\u00e7\u0131klamas\u0131nda geneli \u00e7ocuk ve kad\u0131nlardan olu\u015fan 23 vatanda\u015f\u0131n \u015fehit, 100\u2019\u00fcn \u00fcst\u00fcnde vatanda\u015f\u0131n da yaral\u0131 d\u00fc\u015ft\u00fc\u011f\u00fcn\u00fc belirtti.<\/p>\n<p>Kaynak enkaz alt\u0131ndan kald\u0131rma \u00e7al\u0131\u015fmalar\u0131n\u0131n devam etmesi ve bir k\u0131s\u0131m yaral\u0131lar\u0131n durumunun a\u011f\u0131r olmas\u0131 nedeniyle \u015fehit say\u0131s\u0131n\u0131n artabilece\u011fine dikkat \u00e7ekti.<\/p>\n<div id='gallery-1' class='gallery galleryid-37051 gallery-columns-3 gallery-size-thumbnail'><figure class='gallery-item'>\n\t\t\t<div class='gallery-icon landscape'>\n\t\t\t\t<a href='https:\/\/archive.sana.sy\/tr\/wp-content\/uploads\/2015\/06\/halep-2.jpg'><img loading=\"lazy\" decoding=\"async\" width=\"150\" height=\"99\" src=\"https:\/\/archive.sana.sy\/tr\/wp-content\/uploads\/2015\/06\/halep-2-150x99.jpg\" class=\"attachment-thumbnail size-thumbnail\" alt=\"\" srcset=\"https:\/\/archive.sana.sy\/tr\/wp-content\/uploads\/2015\/06\/halep-2-150x99.jpg 150w, https:\/\/archive.sana.sy\/tr\/wp-content\/uploads\/2015\/06\/halep-2-300x199.jpg 300w, https:\/\/archive.sana.sy\/tr\/wp-content\/uploads\/2015\/06\/halep-2.jpg 1000w\" sizes=\"auto, (max-width: 150px) 100vw, 150px\" \/><\/a>\n\t\t\t<\/div><\/figure><figure class='gallery-item'>\n\t\t\t<div class='gallery-icon portrait'>\n\t\t\t\t<a href='https:\/\/archive.sana.sy\/tr\/wp-content\/uploads\/2015\/06\/halep-3.jpg'><img loading=\"lazy\" decoding=\"async\" width=\"99\" height=\"150\" src=\"https:\/\/archive.sana.sy\/tr\/wp-content\/uploads\/2015\/06\/halep-3-99x150.jpg\" class=\"attachment-thumbnail size-thumbnail\" alt=\"\" srcset=\"https:\/\/archive.sana.sy\/tr\/wp-content\/uploads\/2015\/06\/halep-3-99x150.jpg 99w, https:\/\/archive.sana.sy\/tr\/wp-content\/uploads\/2015\/06\/halep-3-199x300.jpg 199w, https:\/\/archive.sana.sy\/tr\/wp-content\/uploads\/2015\/06\/halep-3-678x1024.jpg 678w\" sizes=\"auto, (max-width: 99px) 100vw, 99px\" \/><\/a>\n\t\t\t<\/div><\/figure><figure class='gallery-item'>\n\t\t\t<div class='gallery-icon landscape'>\n\t\t\t\t<a href='https:\/\/archive.sana.sy\/tr\/wp-content\/uploads\/2015\/06\/halep-4.jpg'><img loading=\"lazy\" decoding=\"async\" width=\"150\" height=\"99\" src=\"https:\/\/archive.sana.sy\/tr\/wp-content\/uploads\/2015\/06\/halep-4-150x99.jpg\" class=\"attachment-thumbnail size-thumbnail\" alt=\"\" srcset=\"https:\/\/archive.sana.sy\/tr\/wp-content\/uploads\/2015\/06\/halep-4-150x99.jpg 150w, https:\/\/archive.sana.sy\/tr\/wp-content\/uploads\/2015\/06\/halep-4-300x199.jpg 300w, https:\/\/archive.sana.sy\/tr\/wp-content\/uploads\/2015\/06\/halep-4.jpg 1000w\" sizes=\"auto, (max-width: 150px) 100vw, 150px\" \/><\/a>\n\t\t\t<\/div><\/figure><figure class='gallery-item'>\n\t\t\t<div class='gallery-icon landscape'>\n\t\t\t\t<a href='https:\/\/archive.sana.sy\/tr\/wp-content\/uploads\/2015\/06\/halep-5.jpg'><img loading=\"lazy\" decoding=\"async\" width=\"150\" height=\"99\" src=\"https:\/\/archive.sana.sy\/tr\/wp-content\/uploads\/2015\/06\/halep-5-150x99.jpg\" class=\"attachment-thumbnail size-thumbnail\" alt=\"\" srcset=\"https:\/\/archive.sana.sy\/tr\/wp-content\/uploads\/2015\/06\/halep-5-150x99.jpg 150w, https:\/\/archive.sana.sy\/tr\/wp-content\/uploads\/2015\/06\/halep-5-300x199.jpg 300w, https:\/\/archive.sana.sy\/tr\/wp-content\/uploads\/2015\/06\/halep-5.jpg 1000w\" sizes=\"auto, (max-width: 150px) 100vw, 150px\" \/><\/a>\n\t\t\t<\/div><\/figure><figure class='gallery-item'>\n\t\t\t<div class='gallery-icon landscape'>\n\t\t\t\t<a href='https:\/\/archive.sana.sy\/tr\/wp-content\/uploads\/2015\/06\/halep-6.jpg'><img loading=\"lazy\" decoding=\"async\" width=\"150\" height=\"99\" src=\"https:\/\/archive.sana.sy\/tr\/wp-content\/uploads\/2015\/06\/halep-6-150x99.jpg\" class=\"attachment-thumbnail size-thumbnail\" alt=\"\" srcset=\"https:\/\/archive.sana.sy\/tr\/wp-content\/uploads\/2015\/06\/halep-6-150x99.jpg 150w, https:\/\/archive.sana.sy\/tr\/wp-content\/uploads\/2015\/06\/halep-6-300x199.jpg 300w, https:\/\/archive.sana.sy\/tr\/wp-content\/uploads\/2015\/06\/halep-6.jpg 1000w\" sizes=\"auto, (max-width: 150px) 100vw, 150px\" \/><\/a>\n\t\t\t<\/div><\/figure><figure class='gallery-item'>\n\t\t\t<div class='gallery-icon landscape'>\n\t\t\t\t<a href='https:\/\/archive.sana.sy\/tr\/wp-content\/uploads\/2015\/06\/halep-7.jpg'><img loading=\"lazy\" decoding=\"async\" width=\"150\" height=\"99\" src=\"https:\/\/archive.sana.sy\/tr\/wp-content\/uploads\/2015\/06\/halep-7-150x99.jpg\" class=\"attachment-thumbnail size-thumbnail\" alt=\"\" srcset=\"https:\/\/archive.sana.sy\/tr\/wp-content\/uploads\/2015\/06\/halep-7-150x99.jpg 150w, https:\/\/archive.sana.sy\/tr\/wp-content\/uploads\/2015\/06\/halep-7-300x199.jpg 300w, https:\/\/archive.sana.sy\/tr\/wp-content\/uploads\/2015\/06\/halep-7.jpg 1000w\" sizes=\"auto, (max-width: 150px) 100vw, 150px\" \/><\/a>\n\t\t\t<\/div><\/figure><figure class='gallery-item'>\n\t\t\t<div class='gallery-icon landscape'>\n\t\t\t\t<a href='https:\/\/archive.sana.sy\/tr\/wp-content\/uploads\/2015\/06\/halep-8.jpg'><img loading=\"lazy\" decoding=\"async\" width=\"150\" height=\"99\" src=\"https:\/\/archive.sana.sy\/tr\/wp-content\/uploads\/2015\/06\/halep-8-150x99.jpg\" class=\"attachment-thumbnail size-thumbnail\" alt=\"\" srcset=\"https:\/\/archive.sana.sy\/tr\/wp-content\/uploads\/2015\/06\/halep-8-150x99.jpg 150w, https:\/\/archive.sana.sy\/tr\/wp-content\/uploads\/2015\/06\/halep-8-300x199.jpg 300w, https:\/\/archive.sana.sy\/tr\/wp-content\/uploads\/2015\/06\/halep-8.jpg 1000w\" sizes=\"auto, (max-width: 150px) 100vw, 150px\" \/><\/a>\n\t\t\t<\/div><\/figure><figure class='gallery-item'>\n\t\t\t<div class='gallery-icon landscape'>\n\t\t\t\t<a href='https:\/\/archive.sana.sy\/tr\/wp-content\/uploads\/2015\/06\/halep-9.jpg'><img loading=\"lazy\" decoding=\"async\" width=\"150\" height=\"99\" src=\"https:\/\/archive.sana.sy\/tr\/wp-content\/uploads\/2015\/06\/halep-9-150x99.jpg\" class=\"attachment-thumbnail size-thumbnail\" alt=\"\" srcset=\"https:\/\/archive.sana.sy\/tr\/wp-content\/uploads\/2015\/06\/halep-9-150x99.jpg 150w, https:\/\/archive.sana.sy\/tr\/wp-content\/uploads\/2015\/06\/halep-9-300x199.jpg 300w, https:\/\/archive.sana.sy\/tr\/wp-content\/uploads\/2015\/06\/halep-9.jpg 1000w\" sizes=\"auto, (max-width: 150px) 100vw, 150px\" \/><\/a>\n\t\t\t<\/div><\/figure><figure class='gallery-item'>\n\t\t\t<div class='gallery-icon landscape'>\n\t\t\t\t<a href='https:\/\/archive.sana.sy\/tr\/wp-content\/uploads\/2015\/06\/halep-10.jpg'><img loading=\"lazy\" decoding=\"async\" width=\"150\" height=\"99\" src=\"https:\/\/archive.sana.sy\/tr\/wp-content\/uploads\/2015\/06\/halep-10-150x99.jpg\" class=\"attachment-thumbnail size-thumbnail\" alt=\"\" srcset=\"https:\/\/archive.sana.sy\/tr\/wp-content\/uploads\/2015\/06\/halep-10-150x99.jpg 150w, https:\/\/archive.sana.sy\/tr\/wp-content\/uploads\/2015\/06\/halep-10-300x199.jpg 300w, https:\/\/archive.sana.sy\/tr\/wp-content\/uploads\/2015\/06\/halep-10.jpg 1000w\" sizes=\"auto, (max-width: 150px) 100vw, 150px\" \/><\/a>\n\t\t\t<\/div><\/figure><figure class='gallery-item'>\n\t\t\t<div class='gallery-icon landscape'>\n\t\t\t\t<a href='https:\/\/archive.sana.sy\/tr\/wp-content\/uploads\/2015\/06\/halep-11.jpg'><img loading=\"lazy\" decoding=\"async\" width=\"150\" height=\"99\" src=\"https:\/\/archive.sana.sy\/tr\/wp-content\/uploads\/2015\/06\/halep-11-150x99.jpg\" class=\"attachment-thumbnail size-thumbnail\" alt=\"\" srcset=\"https:\/\/archive.sana.sy\/tr\/wp-content\/uploads\/2015\/06\/halep-11-150x99.jpg 150w, https:\/\/archive.sana.sy\/tr\/wp-content\/uploads\/2015\/06\/halep-11-300x199.jpg 300w, https:\/\/archive.sana.sy\/tr\/wp-content\/uploads\/2015\/06\/halep-11.jpg 1000w\" sizes=\"auto, (max-width: 150px) 100vw, 150px\" \/><\/a>\n\t\t\t<\/div><\/figure><figure class='gallery-item'>\n\t\t\t<div class='gallery-icon landscape'>\n\t\t\t\t<a href='https:\/\/archive.sana.sy\/tr\/wp-content\/uploads\/2015\/06\/halep-12.jpg'><img loading=\"lazy\" decoding=\"async\" width=\"150\" height=\"99\" src=\"https:\/\/archive.sana.sy\/tr\/wp-content\/uploads\/2015\/06\/halep-12-150x99.jpg\" class=\"attachment-thumbnail size-thumbnail\" alt=\"\" srcset=\"https:\/\/archive.sana.sy\/tr\/wp-content\/uploads\/2015\/06\/halep-12-150x99.jpg 150w, https:\/\/archive.sana.sy\/tr\/wp-content\/uploads\/2015\/06\/halep-12-300x199.jpg 300w, https:\/\/archive.sana.sy\/tr\/wp-content\/uploads\/2015\/06\/halep-12.jpg 1000w\" sizes=\"auto, (max-width: 150px) 100vw, 150px\" \/><\/a>\n\t\t\t<\/div><\/figure>\n\t\t<\/div>\n\n<p><span style=\"color: #0000ff\">Bu ve Di\u011fer Katliamlar\u0131n Sorumlusu Erdo\u011fan ve Rejimidir<\/span><\/p>\n<p>Televizyona a\u00e7\u0131klama yapan Enformasyon Bakan\u0131 Omran el Zoubi; Halep\u2019te i\u015flenen bu insanl\u0131k d\u0131\u015f\u0131 kanl\u0131 vah\u015fetin, Kaide \u00d6rg\u00fct\u00fcn\u00fcn Suriye kolu Nusra Cephesi ve I\u015e\u0130D\u2019in \u00e7irkef katliamlar\u0131na bir yenisini daha ekledi\u011fini ifade etti.<\/p>\n<p>Bakan Zoubi; Suriye&#8217;de i\u015flenen ve i\u015flenmekte olan t\u00fcm vah\u015fet ve katliamlar\u0131n T\u00fcrkiye&#8217;de Erdo\u011fan\u2019\u0131n \u015fahs\u0131, h\u00fck\u00fcmeti ve partisiyle ilgisi oldu\u011funa dikkat \u00e7ekti.<\/p>\n<p>Erdo\u011fan rejiminin Suriye&#8217;de tekfirci ve hain ter\u00f6ristlere s\u0131n\u0131rs\u0131z deste\u011fine vurgu yapan Zoubi, ayn\u0131 zamanda Katar ve Suudi Arabistan rejimlerine ilaveten Arap k\u00f6rfez \u00fclkelerindeki hainler ve i\u015fgalci \u0130srail\u2019in ter\u00f6ristlere deste\u011fi ve y\u00f6nlendirmelerine dikkat \u00e7ekti.<\/p>\n<p>M.M. &#8211; A.A<\/p>\n","protected":false},"excerpt":{"rendered":"<p>HALEP \u2013 \u2018Il\u0131ml\u0131 muhalifler\u2019 olarak adland\u0131r\u0131lan ve T\u00fcrkiye&#8217;de eli kanl\u0131 Erdo\u011fan rejiminin destek-koordinasyonlar\u0131yla faaliyet g\u00f6steren ter\u00f6r \u00e7eteleri yeniden Halep Kentinin sivil yerle\u015fim alanlar\u0131n\u0131 f\u00fcze ve havan mermileriyle hedef ald\u0131. Halep Valili\u011finde bir kaynak Beni Zeyd Semtindeki tekfirci ve vatan haini ter\u00f6ristlerin S\u00fcryan Semtinin yan\u0131 s\u0131ra Faysal ve Nil Caddelerini \u00e7ok say\u0131da f\u00fczeyle hedef ald\u0131klar\u0131n\u0131 belirtmi\u015fti. &hellip;<\/p>\n","protected":false},"author":1,"featured_media":37053,"comment_status":"closed","ping_status":"closed","sticky":false,"template":"","format":"standard","meta":{"footnotes":""},"categories":[596,575,2554,2555],"tags":[15234],"class_list":["post-37051","post","type-post","status-publish","format-standard","has-post-thumbnail","","category-fotografli-raporlar","category-olaylar-ve-gercekler","category-suriye-ve-dunya","category-suriye-ve-turkiye","tag-erdogan-ceteleri-geneli-sivil-ve-cocuk-onlarca-vatandasi-sehit-yarali-dusurdu"],"_links":{"self":[{"href":"https:\/\/archive.sana.sy\/tr\/index.php?rest_route=\/wp\/v2\/posts\/37051","targetHints":{"allow":["GET"]}}],"collection":[{"href":"https:\/\/archive.sana.sy\/tr\/index.php?rest_route=\/wp\/v2\/posts"}],"about":[{"href":"https:\/\/archive.sana.sy\/tr\/index.php?rest_route=\/wp\/v2\/types\/post"}],"author":[{"embeddable":true,"href":"https:\/\/archive.sana.sy\/tr\/index.php?rest_route=\/wp\/v2\/users\/1"}],"replies":[{"embeddable":true,"href":"https:\/\/archive.sana.sy\/tr\/index.php?rest_route=%2Fwp%2Fv2%2Fcomments&post=37051"}],"version-history":[{"count":0,"href":"https:\/\/archive.sana.sy\/tr\/index.php?rest_route=\/wp\/v2\/posts\/37051\/revisions"}],"wp:featuredmedia":[{"embeddable":true,"href":"https:\/\/archive.sana.sy\/tr\/index.php?rest_route=\/wp\/v2\/media\/37053"}],"wp:attachment":[{"href":"https:\/\/archive.sana.sy\/tr\/index.php?rest_route=%2Fwp%2Fv2%2Fmedia&parent=37051"}],"wp:term":[{"taxonomy":"category","embeddable":true,"href":"https:\/\/archive.sana.sy\/tr\/index.php?rest_route=%2Fwp%2Fv2%2Fcategories&post=37051"},{"taxonomy":"post_tag","embeddable":true,"href":"https:\/\/archive.sana.sy\/tr\/index.php?rest_route=%2Fwp%2Fv2%2Ftags&post=37051"}],"curies":[{"name":"wp","href":"https:\/\/api.w.org\/{rel}","templated":true}]}}