{"id":3709,"date":"2014-06-23T12:53:06","date_gmt":"2014-06-23T09:53:06","guid":{"rendered":"http:\/\/www.sana.sy\/tr\/?p=3709"},"modified":"2014-06-23T12:53:06","modified_gmt":"2014-06-23T09:53:06","slug":"teroristler-halkin-canina-kastetmeyi-surduruyorlar","status":"publish","type":"post","link":"https:\/\/archive.sana.sy\/tr\/?p=3709","title":{"rendered":"Ter\u00f6ristler Halk\u0131n Can\u0131na Kastetmeyi S\u00fcrd\u00fcr\u00fcyorlar"},"content":{"rendered":"<p><span>\u015eAM \u2013<\/span> Silahl\u0131 ter\u00f6r gruplar\u0131 halk\u0131n can\u0131n\u0131 hedef alan faaliyetleri kapsam\u0131nda d\u00fcn \u015eam\u2019\u0131n Kefer S\u00fcse b\u00f6lgesinde sivil konutlar\u0131n yo\u011funluklu olarak bulundu\u011fu Halid Bin Velit caddesinde yerle\u015ftirdikleri patlay\u0131c\u0131 d\u00fczene\u011fi ile vah\u015fet ve korku sa\u00e7t\u0131lar.<\/p>\n<p>\u015eam Emniyet M\u00fcd\u00fcrl\u00fc\u011f\u00fcnde yetkili bir kaynak; siyah bir po\u015fetin i\u00e7inde kald\u0131r\u0131ma b\u0131rak\u0131lan patlay\u0131c\u0131 d\u00fczene\u011fi ile sivil vatanda\u015flar\u0131n can\u0131na kasteden ter\u00f6r eylemi sonucunda \u015fans eseri can kayb\u0131 olmad\u0131\u011f\u0131n\u0131 zarar\u0131n maddi hasarla s\u0131n\u0131rl\u0131 kald\u0131\u011f\u0131n\u0131 beyan etti.<\/p>\n<p>Ayn\u0131 b\u00f6lgede ter\u00f6ristlerin f\u0131rlatt\u0131\u011f\u0131 bir havam mermisinin de sadece maddi hasara yol a\u00e7t\u0131\u011f\u0131na i\u015faret eden kaynak; \u00f6nceki g\u00fcn Bab Tuma ve Hamidiye B\u00f6lgelerinde ter\u00f6ristlerin d\u00fczenledikleri havan sald\u0131r\u0131lar\u0131 sonucunda bir vatanda\u015f\u0131m\u0131z\u0131n yaraland\u0131\u011f\u0131n\u0131 ve bir\u00e7ok i\u015fyeri, ara\u00e7 ve konutta maddi hasar meydana geldi\u011fini aktard\u0131.<\/p>\n","protected":false},"excerpt":{"rendered":"<p>\u015eAM \u2013 Silahl\u0131 ter\u00f6r gruplar\u0131 halk\u0131n can\u0131n\u0131 hedef alan faaliyetleri kapsam\u0131nda d\u00fcn \u015eam\u2019\u0131n Kefer S\u00fcse b\u00f6lgesinde sivil konutlar\u0131n yo\u011funluklu olarak bulundu\u011fu Halid Bin Velit caddesinde yerle\u015ftirdikleri patlay\u0131c\u0131 d\u00fczene\u011fi ile vah\u015fet ve korku sa\u00e7t\u0131lar. \u015eam Emniyet M\u00fcd\u00fcrl\u00fc\u011f\u00fcnde yetkili bir kaynak; siyah bir po\u015fetin i\u00e7inde kald\u0131r\u0131ma b\u0131rak\u0131lan patlay\u0131c\u0131 d\u00fczene\u011fi ile sivil vatanda\u015flar\u0131n can\u0131na kasteden ter\u00f6r eylemi sonucunda &hellip;<\/p>\n","protected":false},"author":1,"featured_media":3710,"comment_status":"closed","ping_status":"closed","sticky":false,"template":"","format":"standard","meta":{"footnotes":""},"categories":[479,575,478],"tags":[812],"class_list":["post-3709","post","type-post","status-publish","format-standard","has-post-thumbnail","","category-haberler-yerel","category-olaylar-ve-gercekler","category-yerel","tag-teroristler-halkin-canina-kastetmeyi-surduruyorlar"],"_links":{"self":[{"href":"https:\/\/archive.sana.sy\/tr\/index.php?rest_route=\/wp\/v2\/posts\/3709","targetHints":{"allow":["GET"]}}],"collection":[{"href":"https:\/\/archive.sana.sy\/tr\/index.php?rest_route=\/wp\/v2\/posts"}],"about":[{"href":"https:\/\/archive.sana.sy\/tr\/index.php?rest_route=\/wp\/v2\/types\/post"}],"author":[{"embeddable":true,"href":"https:\/\/archive.sana.sy\/tr\/index.php?rest_route=\/wp\/v2\/users\/1"}],"replies":[{"embeddable":true,"href":"https:\/\/archive.sana.sy\/tr\/index.php?rest_route=%2Fwp%2Fv2%2Fcomments&post=3709"}],"version-history":[{"count":0,"href":"https:\/\/archive.sana.sy\/tr\/index.php?rest_route=\/wp\/v2\/posts\/3709\/revisions"}],"wp:featuredmedia":[{"embeddable":true,"href":"https:\/\/archive.sana.sy\/tr\/index.php?rest_route=\/wp\/v2\/media\/3710"}],"wp:attachment":[{"href":"https:\/\/archive.sana.sy\/tr\/index.php?rest_route=%2Fwp%2Fv2%2Fmedia&parent=3709"}],"wp:term":[{"taxonomy":"category","embeddable":true,"href":"https:\/\/archive.sana.sy\/tr\/index.php?rest_route=%2Fwp%2Fv2%2Fcategories&post=3709"},{"taxonomy":"post_tag","embeddable":true,"href":"https:\/\/archive.sana.sy\/tr\/index.php?rest_route=%2Fwp%2Fv2%2Ftags&post=3709"}],"curies":[{"name":"wp","href":"https:\/\/api.w.org\/{rel}","templated":true}]}}