{"id":3712,"date":"2014-06-23T12:58:42","date_gmt":"2014-06-23T09:58:42","guid":{"rendered":"http:\/\/www.sana.sy\/tr\/?p=3712"},"modified":"2014-06-23T12:58:42","modified_gmt":"2014-06-23T09:58:42","slug":"silahlari-turkiye-uzerinden-tirlarla-gonderiyordu","status":"publish","type":"post","link":"https:\/\/archive.sana.sy\/tr\/?p=3712","title":{"rendered":"Silahlar\u0131 T\u00fcrkiye \u00dczerinden T\u0131rlarla G\u00f6nderiyordu"},"content":{"rendered":"<p><span>\u015eAM \u2013<\/span> Ter\u00f6rist Baher Abd\u00fclkerim el-Veys, Suudi Arabistan\u2019\u0131n Suriyelilerin kan\u0131n\u0131 ak\u0131tan ter\u00f6rist Nusra Cephesinin ana finans\u00f6rlerinden oldu\u011funu belirtirken Suud Ailesi, \u0130srail, Katar, \u0130ngiltere ve Amerikan\u2019\u0131n 3 y\u0131ld\u0131r Suriye\u2019yi hedef alan ter\u00f6re bula\u015ft\u0131klar\u0131na dair yeni bir delil sundu.<\/p>\n<p>Deyrezzor\u2019daki F\u0131rat \u00dcniversitesinde asistanl\u0131k yapt\u0131\u011f\u0131n\u0131 belirten ter\u00f6rist el-Veys Suriye televizyonunun yay\u0131nlad\u0131\u011f\u0131 itiraflar\u0131nda, 2011 y\u0131l\u0131nda Suriye\u2019de olaylar\u0131n ba\u015flad\u0131\u011f\u0131 ilk d\u00f6nemde \u201cFetih el-\u0130slam\u201d \u00f6rg\u00fct\u00fcne mensup Mazhar el-Veys\u2019in hapishaneden \u00e7\u0131kt\u0131ktan sonra Deyrezzor\u2019da a\u00e7t\u0131\u011f\u0131 \u201cCihat\u00e7\u0131 Fikir Enstit\u00fcs\u00fcne\u201d girdi\u011fini bildirdi.<\/p>\n<p>Ter\u00f6rist el-Veys, Mazhar adl\u0131 \u015fahs\u0131n kendisini Enstit\u00fcde ileti\u015fim sorumlusu olarak g\u00f6revlendirdi\u011fini, bu s\u0131rada Yusuf el-Kardavi, Muhammed el-Ureyfi, Aid el-Karni, Suudi Arabistanl\u0131, Katarl\u0131, Amerikal\u0131 ve \u0130ngiliz subaylar\u0131n enstit\u00fcyle temas kurduklar\u0131na dikkat \u00e7ekti.<\/p>\n<p>Mazhar adl\u0131 ter\u00f6ristin \u0130srailli \u0130zak Mudi adl\u0131 \u015fahs\u0131n yan\u0131 s\u0131ra Arap\u00e7a\u2019y\u0131 \u00e7ok iyi konu\u015fan \u0130ngiliz ve Amerikal\u0131 subaylarla telefon g\u00f6r\u00fc\u015fmeleri yapt\u0131\u011f\u0131n\u0131 bildiren ter\u00f6rist el-Veys, \u201c\u015eeyh Mazhar bir g\u00fcn beni Deyrezzor k\u0131rsal\u0131ndaki el-\u015eehil k\u00f6y\u00fcnde bulunan ve Nusra Cephesinin ana kararg\u00e2h\u0131 olan askeri e\u011fitim kamp\u0131na g\u00f6t\u00fcrd\u00fc. Burada \u00e7ok say\u0131da bomba y\u00fckl\u00fc ara\u00e7, u\u00e7aksavar, tanksavar ve silah\u0131n yan\u0131 s\u0131ra yabanc\u0131 ve Arap militanlar bulunuyordu\u201d dedi.<\/p>\n<p>Ter\u00f6rist, Suudi Arabistan\u2019\u0131n Nusra Cephesinin ana finans\u00f6r\u00fc oldu\u011funa dikkat \u00e7ekerek Nusra Cephesine T\u00fcrkiye \u00fczerinden Urfa\u2019dan Tel Abyab, Rakka, ve Halep\u2019e t\u0131rlara y\u00fcklenmi\u015f ve g\u0131da maddeleriyle kamufle edilmi\u015f silahlar g\u00f6nderdi\u011fini, daha sonra \u00e7ald\u0131klar\u0131 petrol\u00fcn sat\u0131\u015f\u0131ndan gelir elde etmeye ba\u015flad\u0131klar\u0131n\u0131 aktard\u0131.<\/p>\n<p>Enstit\u00fcde cihat fikrinin \u00f6\u011fretildi\u011fini s\u00f6yleyen ter\u00f6rist, el-Ureyf\u2019i\u2019nin \u201cCihat Nik\u00e2h\u0131\u201d fetvas\u0131 vermesi ard\u0131ndan Suriye\u2019den ve ba\u015fta Tunus olmak \u00fczere Arap \u00fclkelerinden \u00e7ok say\u0131da kad\u0131n\u0131n cihat\u00e7\u0131 militanlarla cihat nik\u00e2h\u0131 k\u0131yd\u0131\u011f\u0131n\u0131 s\u00f6yledi.<\/p>\n<p>&nbsp;<\/p>\n","protected":false},"excerpt":{"rendered":"<p>\u015eAM \u2013 Ter\u00f6rist Baher Abd\u00fclkerim el-Veys, Suudi Arabistan\u2019\u0131n Suriyelilerin kan\u0131n\u0131 ak\u0131tan ter\u00f6rist Nusra Cephesinin ana finans\u00f6rlerinden oldu\u011funu belirtirken Suud Ailesi, \u0130srail, Katar, \u0130ngiltere ve Amerikan\u2019\u0131n 3 y\u0131ld\u0131r Suriye\u2019yi hedef alan ter\u00f6re bula\u015ft\u0131klar\u0131na dair yeni bir delil sundu. Deyrezzor\u2019daki F\u0131rat \u00dcniversitesinde asistanl\u0131k yapt\u0131\u011f\u0131n\u0131 belirten ter\u00f6rist el-Veys Suriye televizyonunun yay\u0131nlad\u0131\u011f\u0131 itiraflar\u0131nda, 2011 y\u0131l\u0131nda Suriye\u2019de olaylar\u0131n ba\u015flad\u0131\u011f\u0131 ilk &hellip;<\/p>\n","protected":false},"author":1,"featured_media":3705,"comment_status":"closed","ping_status":"closed","sticky":false,"template":"","format":"standard","meta":{"footnotes":""},"categories":[575,447],"tags":[813],"class_list":["post-3712","post","type-post","status-publish","format-standard","has-post-thumbnail","","category-olaylar-ve-gercekler","category-politika","tag-silahlari-turkiye-uzerinden-tirlarla-gonderiyordu"],"_links":{"self":[{"href":"https:\/\/archive.sana.sy\/tr\/index.php?rest_route=\/wp\/v2\/posts\/3712","targetHints":{"allow":["GET"]}}],"collection":[{"href":"https:\/\/archive.sana.sy\/tr\/index.php?rest_route=\/wp\/v2\/posts"}],"about":[{"href":"https:\/\/archive.sana.sy\/tr\/index.php?rest_route=\/wp\/v2\/types\/post"}],"author":[{"embeddable":true,"href":"https:\/\/archive.sana.sy\/tr\/index.php?rest_route=\/wp\/v2\/users\/1"}],"replies":[{"embeddable":true,"href":"https:\/\/archive.sana.sy\/tr\/index.php?rest_route=%2Fwp%2Fv2%2Fcomments&post=3712"}],"version-history":[{"count":0,"href":"https:\/\/archive.sana.sy\/tr\/index.php?rest_route=\/wp\/v2\/posts\/3712\/revisions"}],"wp:featuredmedia":[{"embeddable":true,"href":"https:\/\/archive.sana.sy\/tr\/index.php?rest_route=\/wp\/v2\/media\/3705"}],"wp:attachment":[{"href":"https:\/\/archive.sana.sy\/tr\/index.php?rest_route=%2Fwp%2Fv2%2Fmedia&parent=3712"}],"wp:term":[{"taxonomy":"category","embeddable":true,"href":"https:\/\/archive.sana.sy\/tr\/index.php?rest_route=%2Fwp%2Fv2%2Fcategories&post=3712"},{"taxonomy":"post_tag","embeddable":true,"href":"https:\/\/archive.sana.sy\/tr\/index.php?rest_route=%2Fwp%2Fv2%2Ftags&post=3712"}],"curies":[{"name":"wp","href":"https:\/\/api.w.org\/{rel}","templated":true}]}}