{"id":37148,"date":"2015-06-16T20:20:29","date_gmt":"2015-06-16T17:20:29","guid":{"rendered":"http:\/\/www.sana.sy\/tr\/?p=37148"},"modified":"2015-06-17T17:00:31","modified_gmt":"2015-06-17T14:00:31","slug":"dunya-bu-terorun-kendi-guvenligine-tehlikesini-idrak-etmelidir","status":"publish","type":"post","link":"https:\/\/archive.sana.sy\/tr\/?p=37148","title":{"rendered":"D\u00fcnya Bu Ter\u00f6r\u00fcn Kendi G\u00fcvenli\u011fine Tehlikesini \u0130drak Etmelidir"},"content":{"rendered":"<p>\u015eAM \u2013 Cumhurba\u015fkan\u0131 Be\u015f\u015far el Esad bug\u00fcn sabah saatlerinde Birle\u015fmi\u015f Milletler genel sekreterinin Suriye \u00f6zel temsilcisi Staffan de Mistura ve ona e\u015flik eden heyeti kabul etti.<\/p>\n<p>G\u00f6r\u00fc\u015fmede Suriye&#8217;ye bulundu\u011fu ziyaret amac\u0131n\u0131n Cenevre&#8217;de muhtelif ak\u0131mlardan Suriyelilerle bulundu\u011fu isti\u015fare g\u00f6r\u00fc\u015fmeleri ve sonu\u00e7lar\u0131 hakk\u0131nda el Esad\u2019a bilgi vermek oldu\u011funu belirten de Mistura; ayn\u0131 zamanda \u00f6n\u00fcm\u00fczdeki Temmuz ay\u0131nda G\u00fcvenlik Konseyine takdim edece\u011fi Suriye raporunu tamamlamak i\u00e7in \u00f6n\u00fcm\u00fczdeki s\u00fcre\u00e7 i\u00e7inde at\u0131lacak ad\u0131mlar\u0131 tart\u0131\u015fma hedefi ta\u015f\u0131d\u0131\u011f\u0131n\u0131 a\u00e7\u0131klad\u0131.<\/p>\n<p>\u0130ki taraf tekfirci ve hain ter\u00f6ristlerin d\u00fcn Halep Kentinin sivil yerle\u015fim alanlar\u0131n\u0131 f\u00fczelerle hedef almalar\u0131 ve genli \u00e7ocuk onlarca vatanda\u015fl\u0131n \u015fehit yaral\u0131 d\u00fc\u015fmelerine yol a\u00e7t\u0131klar\u0131 katliam\u0131n ele al\u0131nd\u0131\u011f\u0131 g\u00f6r\u00fc\u015fmede Suriye ve Suriyelileri tehdit eden temel tehlikenin eli kanl\u0131 ter\u00f6r \u00f6rg\u00fctleri ve destek\u00e7ileri oldu\u011funa vurgu yap\u0131ld\u0131. \u0130ki taraf s\u00f6z konusu ter\u00f6r\u00fcn art\u0131k her kes taraf\u0131ndan bilinen belli ba\u015fl\u0131 devletler taraf\u0131ndan maddi ve askeri olarak beslenip desteklendi\u011fini, e\u011fitilip silahlarla donat\u0131lmalar\u0131 ard\u0131ndan ter\u00f6ristlerin Suriye&#8217;ye g\u00f6nderildi\u011fine dikkat \u00e7ekildi.<\/p>\n<p>\u0130ki taraf ayn\u0131 zamanda bu s\u00fcre\u00e7 i\u00e7inde en \u00f6nemli \u015feyin Suriye&#8217;de g\u00fcvenlik ve istikrar\u0131 yeniden sa\u011flama; Suriye&#8217;nin egemenli\u011fi ve toprak b\u00fct\u00fcnl\u00fc\u011f\u00fcn\u00fc korumak oldu\u011funun alt\u0131n\u0131 \u00e7izdi.<\/p>\n<p>Cumhurba\u015fkan\u0131 el Esad; ter\u00f6r \u00f6rg\u00fctlerin i\u015fledikleri bu katliamlar kar\u015f\u0131s\u0131nda sessizli\u011fi s\u00fcrd\u00fcrmenin ter\u00f6r ve vah\u015fetlerinde onlara te\u015fvik te\u015fkil edece\u011fini belirtti. Bu ter\u00f6r\u00fcn te\u015fkil etti\u011fi ciddi tehlikenin t\u00fcm d\u00fcnya taraf\u0131ndan idrak edilmesinin mutlak gereklili\u011fine i\u015faret eden el Esad; uluslar aras\u0131 g\u00fcvenlik istikrar\u0131 tehdit eden bu ter\u00f6re kar\u015f\u0131 a\u00e7\u0131k, net ve ciddi bir tutum al\u0131nmas\u0131 gere\u011finin alt\u0131n\u0131 \u00e7izdi. El Esad ayn\u0131 zamanda ter\u00f6r\u00fc destekleyen, finanse eden, silahland\u0131ran, ter\u00f6ristlere bar\u0131nak ve ge\u00e7it sa\u011flayanlara, ter\u00f6rle m\u00fccadelede G\u00fcvenlik Konseyi kararlar\u0131n\u0131 g\u00f6rmezden gelenlere kar\u015f\u0131 etkin ve ciddi tutumla cayd\u0131r\u0131c\u0131 icraatlar al\u0131nmas\u0131 gere\u011fine vurgu yapt\u0131.<\/p>\n<p>\u0130ki taraf g\u00f6r\u00fc\u015fmenin sonunda Suriye&#8217;deki krize ba\u015far\u0131l\u0131 bir siyasi \u00e7\u00f6z\u00fcm\u00fcn bulunmas\u0131 amac\u0131yla g\u00f6r\u00fc\u015f al\u0131\u015fveri\u015finin s\u00fcrd\u00fcr\u00fclmesi \u00fczerine anla\u015ft\u0131.<\/p>\n<p>G\u00f6r\u00fc\u015fmeye Ba\u015fbakan Yard\u0131mc\u0131s\u0131 D\u0131\u015fi\u015fleri ve Gurbet\u00e7iler Bakan\u0131 Velid Muallim; Cumhurba\u015fkanl\u0131\u011f\u0131 Siyasi ve Bas\u0131n Dan\u0131\u015fman\u0131 B\u00fcseyna \u015eaban, D\u0131\u015fi\u015fleri ve Gurbet\u00e7iler Bakan\u0131 Yard\u0131mc\u0131s\u0131 Faysal Mikdat ve bakan m\u00fcste\u015far\u0131 Ahmet Arnus kat\u0131ld\u0131.<\/p>\n<p>A.A.<\/p>\n","protected":false},"excerpt":{"rendered":"<p>\u015eAM \u2013 Cumhurba\u015fkan\u0131 Be\u015f\u015far el Esad bug\u00fcn sabah saatlerinde Birle\u015fmi\u015f Milletler genel sekreterinin Suriye \u00f6zel temsilcisi Staffan de Mistura ve ona e\u015flik eden heyeti kabul etti. G\u00f6r\u00fc\u015fmede Suriye&#8217;ye bulundu\u011fu ziyaret amac\u0131n\u0131n Cenevre&#8217;de muhtelif ak\u0131mlardan Suriyelilerle bulundu\u011fu isti\u015fare g\u00f6r\u00fc\u015fmeleri ve sonu\u00e7lar\u0131 hakk\u0131nda el Esad\u2019a bilgi vermek oldu\u011funu belirten de Mistura; ayn\u0131 zamanda \u00f6n\u00fcm\u00fczdeki Temmuz ay\u0131nda G\u00fcvenlik &hellip;<\/p>\n","protected":false},"author":1,"featured_media":37152,"comment_status":"closed","ping_status":"closed","sticky":false,"template":"","format":"standard","meta":{"footnotes":""},"categories":[608,479,605,2554,2555,478],"tags":[15243],"class_list":["post-37148","post","type-post","status-publish","format-standard","has-post-thumbnail","","category-etkinlikler","category-haberler-yerel","category-sayin-cumhurbaskani","category-suriye-ve-dunya","category-suriye-ve-turkiye","category-yerel","tag-sam-cumhurbaskani-bessar-el-esad-bugun-sabah-saatlerinde-birlesmis-milletler-genel-sekreterinin-suriye-ozel-temsilcisi-staffan-de-mistura-ve-ona-eslik-eden-heyeti-kabul-etti"],"_links":{"self":[{"href":"https:\/\/archive.sana.sy\/tr\/index.php?rest_route=\/wp\/v2\/posts\/37148","targetHints":{"allow":["GET"]}}],"collection":[{"href":"https:\/\/archive.sana.sy\/tr\/index.php?rest_route=\/wp\/v2\/posts"}],"about":[{"href":"https:\/\/archive.sana.sy\/tr\/index.php?rest_route=\/wp\/v2\/types\/post"}],"author":[{"embeddable":true,"href":"https:\/\/archive.sana.sy\/tr\/index.php?rest_route=\/wp\/v2\/users\/1"}],"replies":[{"embeddable":true,"href":"https:\/\/archive.sana.sy\/tr\/index.php?rest_route=%2Fwp%2Fv2%2Fcomments&post=37148"}],"version-history":[{"count":0,"href":"https:\/\/archive.sana.sy\/tr\/index.php?rest_route=\/wp\/v2\/posts\/37148\/revisions"}],"wp:featuredmedia":[{"embeddable":true,"href":"https:\/\/archive.sana.sy\/tr\/index.php?rest_route=\/wp\/v2\/media\/37152"}],"wp:attachment":[{"href":"https:\/\/archive.sana.sy\/tr\/index.php?rest_route=%2Fwp%2Fv2%2Fmedia&parent=37148"}],"wp:term":[{"taxonomy":"category","embeddable":true,"href":"https:\/\/archive.sana.sy\/tr\/index.php?rest_route=%2Fwp%2Fv2%2Fcategories&post=37148"},{"taxonomy":"post_tag","embeddable":true,"href":"https:\/\/archive.sana.sy\/tr\/index.php?rest_route=%2Fwp%2Fv2%2Ftags&post=37148"}],"curies":[{"name":"wp","href":"https:\/\/api.w.org\/{rel}","templated":true}]}}