{"id":37154,"date":"2015-06-16T15:12:40","date_gmt":"2015-06-16T12:12:40","guid":{"rendered":"http:\/\/sana.sy\/tr\/?p=37154"},"modified":"2015-06-16T15:16:31","modified_gmt":"2015-06-16T12:16:31","slug":"lubnan-ordusu-teroristlerin-hareketlerini-cokertti","status":"publish","type":"post","link":"https:\/\/archive.sana.sy\/tr\/?p=37154","title":{"rendered":"L\u00fcbnan Ordusu Ter\u00f6ristlerin Hareketlerini \u00c7\u00f6kertti"},"content":{"rendered":"<p>BEYRUT \u2013 L\u00fcbnan ordusu bug\u00fcn Suriye s\u0131n\u0131rlar\u0131na yak\u0131n Ersal Da\u011flar\u0131nda tekfirci ter\u00f6ristlerin s\u0131zma giri\u015fimleri ve \u015f\u00fcpheli hareketlenmelerini \u00e7\u00f6kerterek onlar\u0131 uygun silahlarla hedef ald\u0131.<\/p>\n<p>L\u00fcbnan Ulusal Enformasyon Ajans\u0131 ordunun, Ersal Beldesi civar\u0131ndaki da\u011flarda tekfirci ter\u00f6ristleri a\u011f\u0131r top ate\u015fine tuttu\u011funu aktard\u0131.<\/p>\n<p>Bu arada L\u00fcbnan ordu istihbarat\u0131 d\u00fcn L\u00fcbnan&#8217;da ter\u00f6r eylemleri planlama ve d\u00fczenlemekle su\u00e7lanan Ahmet el Atra\u015f\u2019\u0131n yan\u0131 s\u0131ra I\u015e\u0130D mensubu olduklar\u0131 \u015f\u00fcphesiyle Suriyeli 3 ter\u00f6risti tutuklam\u0131\u015ft\u0131.<\/p>\n<p>A.A. &#8211; M.M.<\/p>\n","protected":false},"excerpt":{"rendered":"<p>BEYRUT \u2013 L\u00fcbnan ordusu bug\u00fcn Suriye s\u0131n\u0131rlar\u0131na yak\u0131n Ersal Da\u011flar\u0131nda tekfirci ter\u00f6ristlerin s\u0131zma giri\u015fimleri ve \u015f\u00fcpheli hareketlenmelerini \u00e7\u00f6kerterek onlar\u0131 uygun silahlarla hedef ald\u0131. L\u00fcbnan Ulusal Enformasyon Ajans\u0131 ordunun, Ersal Beldesi civar\u0131ndaki da\u011flarda tekfirci ter\u00f6ristleri a\u011f\u0131r top ate\u015fine tuttu\u011funu aktard\u0131. Bu arada L\u00fcbnan ordu istihbarat\u0131 d\u00fcn L\u00fcbnan&#8217;da ter\u00f6r eylemleri planlama ve d\u00fczenlemekle su\u00e7lanan Ahmet el Atra\u015f\u2019\u0131n &hellip;<\/p>\n","protected":false},"author":1,"featured_media":37157,"comment_status":"closed","ping_status":"closed","sticky":false,"template":"","format":"standard","meta":{"footnotes":""},"categories":[458,459,447],"tags":[15244],"class_list":["post-37154","post","type-post","status-publish","format-standard","has-post-thumbnail","","category-dunya1","category-haberler-arap-uluslararasi-politika","category-politika","tag-lubnan-ordusu-teroristlerin-hareketlerini-cokertti"],"_links":{"self":[{"href":"https:\/\/archive.sana.sy\/tr\/index.php?rest_route=\/wp\/v2\/posts\/37154","targetHints":{"allow":["GET"]}}],"collection":[{"href":"https:\/\/archive.sana.sy\/tr\/index.php?rest_route=\/wp\/v2\/posts"}],"about":[{"href":"https:\/\/archive.sana.sy\/tr\/index.php?rest_route=\/wp\/v2\/types\/post"}],"author":[{"embeddable":true,"href":"https:\/\/archive.sana.sy\/tr\/index.php?rest_route=\/wp\/v2\/users\/1"}],"replies":[{"embeddable":true,"href":"https:\/\/archive.sana.sy\/tr\/index.php?rest_route=%2Fwp%2Fv2%2Fcomments&post=37154"}],"version-history":[{"count":0,"href":"https:\/\/archive.sana.sy\/tr\/index.php?rest_route=\/wp\/v2\/posts\/37154\/revisions"}],"wp:featuredmedia":[{"embeddable":true,"href":"https:\/\/archive.sana.sy\/tr\/index.php?rest_route=\/wp\/v2\/media\/37157"}],"wp:attachment":[{"href":"https:\/\/archive.sana.sy\/tr\/index.php?rest_route=%2Fwp%2Fv2%2Fmedia&parent=37154"}],"wp:term":[{"taxonomy":"category","embeddable":true,"href":"https:\/\/archive.sana.sy\/tr\/index.php?rest_route=%2Fwp%2Fv2%2Fcategories&post=37154"},{"taxonomy":"post_tag","embeddable":true,"href":"https:\/\/archive.sana.sy\/tr\/index.php?rest_route=%2Fwp%2Fv2%2Ftags&post=37154"}],"curies":[{"name":"wp","href":"https:\/\/api.w.org\/{rel}","templated":true}]}}