{"id":37165,"date":"2015-06-16T15:54:02","date_gmt":"2015-06-16T12:54:02","guid":{"rendered":"http:\/\/sana.sy\/tr\/?p=37165"},"modified":"2015-06-16T15:56:38","modified_gmt":"2015-06-16T12:56:38","slug":"teror-komutani-turkmaninin-oldugunu-itiraf-ettiler","status":"publish","type":"post","link":"https:\/\/archive.sana.sy\/tr\/?p=37165","title":{"rendered":"Ter\u00f6r Komutan\u0131 T\u00fcrkmani\u2019nin \u00d6ld\u00fc\u011f\u00fcn\u00fc \u0130tiraf Ettiler"},"content":{"rendered":"<p>\u015eAM \u2013 Tekfirci ve vatan haini ter\u00f6r \u00e7eteleri bug\u00fcn; \u2018Ansar el \u0130slam Cephesi\u2019 ad\u0131yla bilinen tekfirci ter\u00f6r olu\u015fumunun s\u00f6zde askeri komutan\u0131 \u2018Ebu R\u0131za el T\u00fcrkmeni\u2019nin \u00f6ld\u00fc\u011f\u00fcn\u00fc itiraf etti.<\/p>\n<p>Ter\u00f6r \u00e7eteleri sosyal medya ara\u00e7lar\u0131nda \u00f6rg\u00fct komutan\u0131 T\u00fcrkmeni\u2019nin ba\u015fkent \u015eam\u2019\u0131n g\u00fcneyindeki kenar mahallelerinden Tedamun B\u00f6lgesinde halk savunma gruplar\u0131yla \u00e7at\u0131\u015fmalar\u0131 s\u0131ras\u0131nda bir\u00e7ok ter\u00f6ristle birlikte \u00f6ld\u00fc\u011f\u00fcn\u00fc a\u00e7\u0131klad\u0131.<\/p>\n<p>Bu arada T\u00fcrkmeni\u2019nin komutas\u0131ndaki \u2018Ansar el \u0130slam Cephesi\u2019, I\u015e\u0130D\u2019e biat eden ter\u00f6r olu\u015fumlar\u0131ndan biri say\u0131l\u0131yor.<\/p>\n<p>A.A. &#8211; M.M.<\/p>\n","protected":false},"excerpt":{"rendered":"<p>\u015eAM \u2013 Tekfirci ve vatan haini ter\u00f6r \u00e7eteleri bug\u00fcn; \u2018Ansar el \u0130slam Cephesi\u2019 ad\u0131yla bilinen tekfirci ter\u00f6r olu\u015fumunun s\u00f6zde askeri komutan\u0131 \u2018Ebu R\u0131za el T\u00fcrkmeni\u2019nin \u00f6ld\u00fc\u011f\u00fcn\u00fc itiraf etti. Ter\u00f6r \u00e7eteleri sosyal medya ara\u00e7lar\u0131nda \u00f6rg\u00fct komutan\u0131 T\u00fcrkmeni\u2019nin ba\u015fkent \u015eam\u2019\u0131n g\u00fcneyindeki kenar mahallelerinden Tedamun B\u00f6lgesinde halk savunma gruplar\u0131yla \u00e7at\u0131\u015fmalar\u0131 s\u0131ras\u0131nda bir\u00e7ok ter\u00f6ristle birlikte \u00f6ld\u00fc\u011f\u00fcn\u00fc a\u00e7\u0131klad\u0131. Bu arada &hellip;<\/p>\n","protected":false},"author":1,"featured_media":37168,"comment_status":"closed","ping_status":"closed","sticky":false,"template":"","format":"standard","meta":{"footnotes":""},"categories":[575],"tags":[15246],"class_list":["post-37165","post","type-post","status-publish","format-standard","has-post-thumbnail","","category-olaylar-ve-gercekler","tag-teror-komutani-turkmaninin-oldugunu-itiraf-ettiler"],"_links":{"self":[{"href":"https:\/\/archive.sana.sy\/tr\/index.php?rest_route=\/wp\/v2\/posts\/37165","targetHints":{"allow":["GET"]}}],"collection":[{"href":"https:\/\/archive.sana.sy\/tr\/index.php?rest_route=\/wp\/v2\/posts"}],"about":[{"href":"https:\/\/archive.sana.sy\/tr\/index.php?rest_route=\/wp\/v2\/types\/post"}],"author":[{"embeddable":true,"href":"https:\/\/archive.sana.sy\/tr\/index.php?rest_route=\/wp\/v2\/users\/1"}],"replies":[{"embeddable":true,"href":"https:\/\/archive.sana.sy\/tr\/index.php?rest_route=%2Fwp%2Fv2%2Fcomments&post=37165"}],"version-history":[{"count":0,"href":"https:\/\/archive.sana.sy\/tr\/index.php?rest_route=\/wp\/v2\/posts\/37165\/revisions"}],"wp:featuredmedia":[{"embeddable":true,"href":"https:\/\/archive.sana.sy\/tr\/index.php?rest_route=\/wp\/v2\/media\/37168"}],"wp:attachment":[{"href":"https:\/\/archive.sana.sy\/tr\/index.php?rest_route=%2Fwp%2Fv2%2Fmedia&parent=37165"}],"wp:term":[{"taxonomy":"category","embeddable":true,"href":"https:\/\/archive.sana.sy\/tr\/index.php?rest_route=%2Fwp%2Fv2%2Fcategories&post=37165"},{"taxonomy":"post_tag","embeddable":true,"href":"https:\/\/archive.sana.sy\/tr\/index.php?rest_route=%2Fwp%2Fv2%2Ftags&post=37165"}],"curies":[{"name":"wp","href":"https:\/\/api.w.org\/{rel}","templated":true}]}}