{"id":37171,"date":"2015-06-16T16:24:18","date_gmt":"2015-06-16T13:24:18","guid":{"rendered":"http:\/\/sana.sy\/tr\/?p=37171"},"modified":"2015-06-17T11:21:40","modified_gmt":"2015-06-17T08:21:40","slug":"muftu-idam-kararini-onayladi","status":"publish","type":"post","link":"https:\/\/archive.sana.sy\/tr\/?p=37171","title":{"rendered":"M\u00fcft\u00fc \u0130dam Karar\u0131n\u0131 Onaylad\u0131"},"content":{"rendered":"<p>KAH\u0130RE \u2013 Kahire&#8217;de Polis Akademisinde toplanan Kahire Cinayet Mahkemesi bug\u00fcn; M\u0131s\u0131r Diyar M\u00fcft\u00fcs\u00fcn\u00fcn, sandalyesinden devrilen ihvanc\u0131 ba\u015fkan Muhammed Mursi ve M\u00fcsl\u00fcman Karde\u015fleri cemaatinde bariz liderlerin aralar\u0131nda bulundu\u011fu 107 \u015fahsiyetin,\u00a0Vadi Natrun Hapishanesinden ka\u00e7\u0131\u015f davas\u0131ndan idam edilme karar\u0131n\u0131 onaylad\u0131\u011f\u0131n\u0131 a\u00e7\u0131klad\u0131.<\/p>\n<p>M\u0131s\u0131r\u2019da muhtelif medya kaynaklar\u0131 \u2018Cezaevlerine bask\u0131n\u2019 ad\u0131yla bilinen davada cinayet mahkemesinin M\u00fcsl\u00fcman Karde\u015fler cemaati liderlerinden Muhammed Mursi, Muhammed Bedi, Re\u015fat el Beyyumi, Muhi Hamit, Muhammed Saad el Ketatini, \u0130sam el Eryan ve daha ba\u015fka su\u00e7lulara as\u0131larak idam cezas\u0131 verdi\u011fini aktard\u0131.<\/p>\n<p>Medya kaynaklar\u0131 ayn\u0131 davada 21 su\u00e7luya da \u00f6m\u00fcr boyu hapis cezas\u0131 verildi\u011fini belirtti.<\/p>\n<p>Ayn\u0131 medya kaynaklar\u0131 Kahire Cinayet Mahkemesinin \u2018tehabur\u2019 davas\u0131nda da yine M\u00fcsl\u00fcman Karde\u015flerin bariz liderlerinden Abd\u00fcllatif o\u011flu Muhammed Hayrat el \u015eat\u0131r, \u0130brahim o\u011flu Muhammed el Baltac\u0131 ve Ahmet Abd\u00fclati\u2019ye as\u0131larak idam cezas\u0131 verdi\u011fini ifade etti.<\/p>\n<p>Kaynaklar Kahire Cinayet Mahkemesinin ayr\u0131ca Muhammed el Karadavi\u2019ye de idam cezas\u0131 verdi\u011fini belirtti.<\/p>\n<p>A.A. &#8211; M.M. &#8211; S.\u015e<\/p>\n","protected":false},"excerpt":{"rendered":"<p>KAH\u0130RE \u2013 Kahire&#8217;de Polis Akademisinde toplanan Kahire Cinayet Mahkemesi bug\u00fcn; M\u0131s\u0131r Diyar M\u00fcft\u00fcs\u00fcn\u00fcn, sandalyesinden devrilen ihvanc\u0131 ba\u015fkan Muhammed Mursi ve M\u00fcsl\u00fcman Karde\u015fleri cemaatinde bariz liderlerin aralar\u0131nda bulundu\u011fu 107 \u015fahsiyetin,\u00a0Vadi Natrun Hapishanesinden ka\u00e7\u0131\u015f davas\u0131ndan idam edilme karar\u0131n\u0131 onaylad\u0131\u011f\u0131n\u0131 a\u00e7\u0131klad\u0131. M\u0131s\u0131r\u2019da muhtelif medya kaynaklar\u0131 \u2018Cezaevlerine bask\u0131n\u2019 ad\u0131yla bilinen davada cinayet mahkemesinin M\u00fcsl\u00fcman Karde\u015fler cemaati liderlerinden Muhammed Mursi, &hellip;<\/p>\n","protected":false},"author":1,"featured_media":37174,"comment_status":"closed","ping_status":"closed","sticky":false,"template":"","format":"standard","meta":{"footnotes":""},"categories":[458,459,447,2554,2555],"tags":[15247],"class_list":["post-37171","post","type-post","status-publish","format-standard","has-post-thumbnail","","category-dunya1","category-haberler-arap-uluslararasi-politika","category-politika","category-suriye-ve-dunya","category-suriye-ve-turkiye","tag-muftu-idam-kararini-onayladi"],"_links":{"self":[{"href":"https:\/\/archive.sana.sy\/tr\/index.php?rest_route=\/wp\/v2\/posts\/37171","targetHints":{"allow":["GET"]}}],"collection":[{"href":"https:\/\/archive.sana.sy\/tr\/index.php?rest_route=\/wp\/v2\/posts"}],"about":[{"href":"https:\/\/archive.sana.sy\/tr\/index.php?rest_route=\/wp\/v2\/types\/post"}],"author":[{"embeddable":true,"href":"https:\/\/archive.sana.sy\/tr\/index.php?rest_route=\/wp\/v2\/users\/1"}],"replies":[{"embeddable":true,"href":"https:\/\/archive.sana.sy\/tr\/index.php?rest_route=%2Fwp%2Fv2%2Fcomments&post=37171"}],"version-history":[{"count":0,"href":"https:\/\/archive.sana.sy\/tr\/index.php?rest_route=\/wp\/v2\/posts\/37171\/revisions"}],"wp:featuredmedia":[{"embeddable":true,"href":"https:\/\/archive.sana.sy\/tr\/index.php?rest_route=\/wp\/v2\/media\/37174"}],"wp:attachment":[{"href":"https:\/\/archive.sana.sy\/tr\/index.php?rest_route=%2Fwp%2Fv2%2Fmedia&parent=37171"}],"wp:term":[{"taxonomy":"category","embeddable":true,"href":"https:\/\/archive.sana.sy\/tr\/index.php?rest_route=%2Fwp%2Fv2%2Fcategories&post=37171"},{"taxonomy":"post_tag","embeddable":true,"href":"https:\/\/archive.sana.sy\/tr\/index.php?rest_route=%2Fwp%2Fv2%2Ftags&post=37171"}],"curies":[{"name":"wp","href":"https:\/\/api.w.org\/{rel}","templated":true}]}}