{"id":37179,"date":"2015-06-16T16:37:54","date_gmt":"2015-06-16T13:37:54","guid":{"rendered":"http:\/\/sana.sy\/tr\/?p=37179"},"modified":"2015-06-16T16:46:20","modified_gmt":"2015-06-16T13:46:20","slug":"madurov-venezuella-suriye-yonetimi-ve-halkina-destegini-surduruyor","status":"publish","type":"post","link":"https:\/\/archive.sana.sy\/tr\/?p=37179","title":{"rendered":"Madurov: Venez\u00fcella Suriye Y\u00f6netimi ve Halk\u0131na Deste\u011fini S\u00fcrd\u00fcr\u00fcyor"},"content":{"rendered":"<p>CARACAS \u2013 Venez\u00fcella Ba\u015fkan\u0131 Nikolas Madurov, \u00fclkesinin Suriye y\u00f6netimi ve halk\u0131n\u0131n ter\u00f6rle m\u00fccadelesini desteklemeyi s\u00fcrd\u00fcrd\u00fc\u011f\u00fcn\u00fc yineledi.<\/p>\n<p>\u00c7in Halk Cumhuriyeti B\u00fcy\u00fckel\u00e7isi ZahaoRungxian\u2019un g\u00f6rev s\u00fcresinin sona ermesi m\u00fcnasebetiyle Caracas\u2019ta Ba\u015fkanl\u0131k Saray\u0131nda d\u00fczenlenen veda t\u00f6reninde bir konu\u015fma yapan Madurov, Venez\u00fcella\u2019n\u0131 Suriye\u2019yi hedef alan ter\u00f6r\u00fcn kar\u015f\u0131s\u0131nda durdu\u011funu ifade ederek Suriye halk\u0131 ve y\u00f6netimine sunulan deste\u011fin s\u00fcrece\u011finin alt\u0131n\u0131 \u00e7izdi.<\/p>\n<p>Suriye\u2019de ya\u015fanmakta olan krizin siyasi y\u00f6ntemlerle \u00e7\u00f6z\u00fcm \u00e7abalar\u0131n\u0131n yo\u011funla\u015ft\u0131r\u0131lmas\u0131 gere\u011fine dikkat \u00e7eken Madurov, devletlerin i\u00e7i\u015flerine y\u00f6nelik her t\u00fcrl\u00fc m\u00fcdahalenin gayr\u0131 me\u015fru oldu\u011funu ve Suriye\u2019de bar\u0131\u015f ve huzurun sa\u011flanmas\u0131 gere\u011fini vurgulad\u0131.<\/p>\n<p>Venez\u00fcella\u2019n\u0131n, Suriye\u2019de ter\u00f6re son verilmesi i\u00e7in bir\u00e7ok Arap devletiyle ileti\u015fim kurdu\u011funu ve toplant\u0131 d\u00fczenledi\u011fini dile getiren Madurov, NATO ve Avrupa Birli\u011finin, Libya senaryosunun tekrar etmesini engellemek i\u00e7in hala bir \u015fans\u0131 oldu\u011funu ibraz etti.<\/p>\n<p>Binlerce Suriyelinin silahl\u0131 ter\u00f6r gruplar\u0131 taraf\u0131ndan zor, bask\u0131 ve tehditle g\u00f6\u00e7 ettirildi\u011fini yans\u0131tan g\u00f6r\u00fcnt\u00fclere i\u015faret eden Madurov, Suriye halk\u0131n\u0131n maruz kald\u0131\u011f\u0131 bu felakete son vermek i\u00e7in el birli\u011fi ile gerekli b\u00fct\u00fcn \u00e7abalar\u0131n harcanmas\u0131 gere\u011fini yineledi.<\/p>\n<p>F.B. &#8211; M. M.<\/p>\n","protected":false},"excerpt":{"rendered":"<p>CARACAS \u2013 Venez\u00fcella Ba\u015fkan\u0131 Nikolas Madurov, \u00fclkesinin Suriye y\u00f6netimi ve halk\u0131n\u0131n ter\u00f6rle m\u00fccadelesini desteklemeyi s\u00fcrd\u00fcrd\u00fc\u011f\u00fcn\u00fc yineledi. \u00c7in Halk Cumhuriyeti B\u00fcy\u00fckel\u00e7isi ZahaoRungxian\u2019un g\u00f6rev s\u00fcresinin sona ermesi m\u00fcnasebetiyle Caracas\u2019ta Ba\u015fkanl\u0131k Saray\u0131nda d\u00fczenlenen veda t\u00f6reninde bir konu\u015fma yapan Madurov, Venez\u00fcella\u2019n\u0131 Suriye\u2019yi hedef alan ter\u00f6r\u00fcn kar\u015f\u0131s\u0131nda durdu\u011funu ifade ederek Suriye halk\u0131 ve y\u00f6netimine sunulan deste\u011fin s\u00fcrece\u011finin alt\u0131n\u0131 \u00e7izdi. Suriye\u2019de &hellip;<\/p>\n","protected":false},"author":1,"featured_media":37183,"comment_status":"closed","ping_status":"closed","sticky":false,"template":"","format":"standard","meta":{"footnotes":""},"categories":[458,459,447],"tags":[15248],"class_list":["post-37179","post","type-post","status-publish","format-standard","has-post-thumbnail","","category-dunya1","category-haberler-arap-uluslararasi-politika","category-politika","tag-madurov-venezuella-suriye-yonetimi-ve-halkina-destegini-surduruyor"],"_links":{"self":[{"href":"https:\/\/archive.sana.sy\/tr\/index.php?rest_route=\/wp\/v2\/posts\/37179","targetHints":{"allow":["GET"]}}],"collection":[{"href":"https:\/\/archive.sana.sy\/tr\/index.php?rest_route=\/wp\/v2\/posts"}],"about":[{"href":"https:\/\/archive.sana.sy\/tr\/index.php?rest_route=\/wp\/v2\/types\/post"}],"author":[{"embeddable":true,"href":"https:\/\/archive.sana.sy\/tr\/index.php?rest_route=\/wp\/v2\/users\/1"}],"replies":[{"embeddable":true,"href":"https:\/\/archive.sana.sy\/tr\/index.php?rest_route=%2Fwp%2Fv2%2Fcomments&post=37179"}],"version-history":[{"count":0,"href":"https:\/\/archive.sana.sy\/tr\/index.php?rest_route=\/wp\/v2\/posts\/37179\/revisions"}],"wp:featuredmedia":[{"embeddable":true,"href":"https:\/\/archive.sana.sy\/tr\/index.php?rest_route=\/wp\/v2\/media\/37183"}],"wp:attachment":[{"href":"https:\/\/archive.sana.sy\/tr\/index.php?rest_route=%2Fwp%2Fv2%2Fmedia&parent=37179"}],"wp:term":[{"taxonomy":"category","embeddable":true,"href":"https:\/\/archive.sana.sy\/tr\/index.php?rest_route=%2Fwp%2Fv2%2Fcategories&post=37179"},{"taxonomy":"post_tag","embeddable":true,"href":"https:\/\/archive.sana.sy\/tr\/index.php?rest_route=%2Fwp%2Fv2%2Ftags&post=37179"}],"curies":[{"name":"wp","href":"https:\/\/api.w.org\/{rel}","templated":true}]}}