{"id":37186,"date":"2015-06-16T20:15:21","date_gmt":"2015-06-16T17:15:21","guid":{"rendered":"http:\/\/sana.sy\/tr\/?p=37186"},"modified":"2015-06-17T16:53:55","modified_gmt":"2015-06-17T13:53:55","slug":"teroristler-ve-destekcileri-mucadele-eden-suriyelilerden-oc-almaya-calisiyor","status":"publish","type":"post","link":"https:\/\/archive.sana.sy\/tr\/?p=37186","title":{"rendered":"Ter\u00f6ristler ve Destek\u00e7ileri M\u00fccadele Eden Suriyelilerden \u00d6\u00e7 Almaya \u00c7al\u0131\u015f\u0131yor"},"content":{"rendered":"<p>\u015eAM \u2013 D\u0131\u015fi\u015fleri ve Gurbet\u00e7iler Bakanl\u0131\u011f\u0131 bug\u00fcn; T\u00fcrkiye&#8217;deki rejimin destekledi\u011fi tekfirci ter\u00f6ristlerin d\u00fcn 15 Haziran 2015 tarihinde Halep Kentinin sivil yerle\u015fim alanlar\u0131n\u0131 f\u00fcze ve roketlerle hedef almalar\u0131yla i\u015fledikleri vah\u015fi katliam konusunda Birle\u015fmi\u015f Milletler genel sekreteri ve G\u00fcvenlik Konseyi ba\u015fkan\u0131na e\u015f iki mektup g\u00f6nderdi.<\/p>\n<p>SANA\u2019n\u0131n bir n\u00fcshas\u0131n\u0131 ald\u0131\u011f\u0131 mektubunda bakanl\u0131k; ter\u00f6r destek\u00e7ileri taraflar\u0131n \u2018silahl\u0131 \u0131l\u0131ml\u0131 muhalifler\u2019 ad\u0131n\u0131 verdikleri ter\u00f6r \u00f6rg\u00fctlerin Halep Kentinde g\u00fcven i\u00e7in ya\u015fayan masum sivil ahalinin bulunduklar\u0131 S\u00fcryan, Yeni S\u00fcryan, Izeyziye, Ra\u015fidin, Selahattin, \u0130smailiye, Nil Caddesi, \u015eeyhan Hastanesi civar\u0131 ve Sebil Konutlar\u0131 b\u00f6lgelerini 100\u2019den fazla f\u00fczeyle hedef ald\u0131klar\u0131n\u0131 belirtti. Bakanl\u0131k ter\u00f6ristlerin k\u00f6r ve gaddar f\u00fczelerle m\u00fcmk\u00fcn oldu\u011funca y\u00fcksek say\u0131da masum sivili katletmeye \u00e7al\u0131\u015ft\u0131klar\u0131na dikkat \u00e7ekerken; bu insanl\u0131k d\u0131\u015f\u0131 sald\u0131r\u0131rlarda aralar\u0131nda 12 \u00e7ocu\u011fun bulundu\u011fu 36 sivil vatanda\u015f\u0131n \u015fehit d\u00fc\u015ft\u00fcklerini belirtti. Geneli yine \u00e7ocuk ve kad\u0131nlardan ibaret 120 vatanda\u015f\u0131n da yaraland\u0131\u011f\u0131n\u0131 ifade eden bakanl\u0131k, yaral\u0131lar\u0131n bir k\u0131sm\u0131n\u0131n a\u011f\u0131r oldu\u011funu, dolay\u0131s\u0131yla \u015fehit say\u0131s\u0131n\u0131n artma ihtimali oldu\u011funu belirtti. Bakanl\u0131k sald\u0131r\u0131larda ayr\u0131ca \u00f6zel ve kamu m\u00fclklerde b\u00fcy\u00fck maddi hasar olu\u015ftu\u011funu, sivillere ait bir k\u0131s\u0131m yerle\u015fim binalar\u0131n\u0131n b\u00fcy\u00fck bir k\u0131sm\u0131n\u0131n y\u0131k\u0131ld\u0131\u011f\u0131na dikkat \u00e7ekti.<\/p>\n<p>Ter\u00f6r \u00f6rg\u00fctleri ve destek\u00e7ilerinin bu katliamlar\u0131n\u0131n d\u00f6rt y\u0131ldan fazla bir s\u00fcredir Suriye ve halk\u0131n\u0131 hedef alan vah\u015fetlerinin bir halkas\u0131 oldu\u011funa i\u015faret eden bakanl\u0131k; ter\u00f6r \u00f6rg\u00fctleri ve destek\u00e7ilerinin sivil b\u00f6lgelerde karanl\u0131k ve tekfirci ideolojiye ilaveten ter\u00f6r \u015fiddetine kar\u015f\u0131 m\u00fccadele veren yurtsever Suriyelilere kin ve nefret kustuklar\u0131n\u0131, ter\u00f6re kar\u015f\u0131 m\u00fccadele eden halktan \u00f6\u00e7 almaya \u00e7al\u0131\u015ft\u0131klar\u0131n\u0131 belirtti.<\/p>\n<p>Bakanl\u0131k bu vah\u015fetin sorumlulu\u011funun sadece \u2018\u0131l\u0131ml\u0131 silahl\u0131 muhalifler\u2019 olarak adland\u0131r\u0131lan ter\u00f6r \u00f6rg\u00fctlerine d\u00fc\u015fmedi\u011fine dikkat \u00e7ekti. Bu vah\u015fetin sorumlulu\u011funun ayn\u0131 zamanda Suudi Arabistan, Katar, \u00dcrd\u00fcn, \u0130srail ve T\u00fcrkiye&#8217;deki rejimlere de d\u00fc\u015ft\u00fc\u011f\u00fcn\u00fcn alt\u0131n\u0131 \u00e7izen bakanl\u0131k; bu rejimlerin muhtelif adland\u0131rmalar alt\u0131nda ter\u00f6r \u00f6rg\u00fctlere her t\u00fcrl\u00fc s\u0131n\u0131rs\u0131z desteklerini her \u015feye ra\u011fmen s\u00fcrd\u00fcrd\u00fcklerinin alt\u0131n\u0131 \u00e7izdi. Bakanl\u0131k s\u00f6z konusu bu rejimlerin Suriye\u2019de ter\u00f6r \u00f6rg\u00fctlere desteklerini s\u00fcrd\u00fcrmede kas\u0131tl\u0131 olarak uluslar aras\u0131 ter\u00f6rle m\u00fccadele kanunlar\u0131 ve kararlar\u0131n\u0131 g\u00f6rmezden geldiklerine dikkat \u00e7eken bakanl\u0131k; G\u00fcvenlik Konseyinde \u00fcye kimi \u00fclkeler ba\u015fta olmak \u00fczere uluslar aras\u0131 toplumun neredeyse i\u015fbirli\u011fi d\u00fczeyinde sessiz kald\u0131\u011f\u0131n\u0131n alt\u0131n\u0131 \u00e7izdi.<\/p>\n<p>D\u0131\u015fi\u015fleri ve Gurbet\u00e7iler Bakanl\u0131\u011f\u0131 mektubunda Suriye&#8217;de vah\u015fet ve insanl\u0131k d\u0131\u015f\u0131 eylemleriyle tamamen izole edilen ter\u00f6r \u00f6rg\u00fctlere deste\u011fin s\u00fcrd\u00fcr\u00fclmesi ve uluslar aras\u0131 toplumun bu destek kar\u015f\u0131s\u0131nda tak\u0131nd\u0131\u011f\u0131 sessiz tutumun art\u0131k kabul edilemez bir duruma geldi\u011finin alt\u0131n\u0131 \u00e7izdi.<\/p>\n<p>T\u00fcm bunlar\u0131n \u0131\u015f\u0131\u011f\u0131nda uluslar aras\u0131 toplumu \u00fcst\u00fcne d\u00fc\u015fen sorumlulu\u011fu \u00fcstlenme ve ter\u00f6re kar\u015f\u0131 m\u00fccadelede etkin icraatlar almada g\u00f6reve \u00e7a\u011f\u0131ran bakanl\u0131k; Suriye&#8217;nin y\u0131llard\u0131r b\u00f6lge halklar\u0131 ad\u0131na ter\u00f6rle m\u00fccadele etti\u011fini, ter\u00f6rle m\u00fccadelede Suriye ile koordinasyon ve i\u015fbirli\u011finin olmas\u0131 gerekti\u011fini vurgulad\u0131.<\/p>\n<p>Mektubunun sonunda Suriye h\u00fck\u00fcmetinin anayasal sorumlulu\u011fu kapsam\u0131nda vatan ve halk\u0131n\u0131n g\u00fcvenli\u011fini savunmakla birlikte ter\u00f6rle m\u00fccadelesini s\u00fcrd\u00fcrme azim ve kararl\u0131l\u0131\u011f\u0131nda oldu\u011funun alt\u0131n\u0131 \u00e7izen bakanl\u0131k; BM genel sekreteri ve G\u00fcvenlik Konseyi ba\u015fkan\u0131n\u0131 katliam\u0131 k\u0131namaya \u00e7a\u011f\u0131rd\u0131. Bakanl\u0131k ayn\u0131 zamanda \u00e7ifte standartl\u0131 tutumlardan ve durumlar\u0131 politikle\u015ftirmeden uzak durulma, ter\u00f6r \u00f6rg\u00fctlerine s\u0131n\u0131r koyulmas\u0131 ve deste\u011fin kesilmesini sa\u011flayacak kat\u0131 icraatlar al\u0131nmas\u0131 \u00f6nemine vurgu yapt\u0131.<\/p>\n<p>A.A. &#8211; M.M.<\/p>\n","protected":false},"excerpt":{"rendered":"<p>\u015eAM \u2013 D\u0131\u015fi\u015fleri ve Gurbet\u00e7iler Bakanl\u0131\u011f\u0131 bug\u00fcn; T\u00fcrkiye&#8217;deki rejimin destekledi\u011fi tekfirci ter\u00f6ristlerin d\u00fcn 15 Haziran 2015 tarihinde Halep Kentinin sivil yerle\u015fim alanlar\u0131n\u0131 f\u00fcze ve roketlerle hedef almalar\u0131yla i\u015fledikleri vah\u015fi katliam konusunda Birle\u015fmi\u015f Milletler genel sekreteri ve G\u00fcvenlik Konseyi ba\u015fkan\u0131na e\u015f iki mektup g\u00f6nderdi. SANA\u2019n\u0131n bir n\u00fcshas\u0131n\u0131 ald\u0131\u011f\u0131 mektubunda bakanl\u0131k; ter\u00f6r destek\u00e7ileri taraflar\u0131n \u2018silahl\u0131 \u0131l\u0131ml\u0131 muhalifler\u2019 &hellip;<\/p>\n","protected":false},"author":1,"featured_media":35220,"comment_status":"closed","ping_status":"closed","sticky":false,"template":"","format":"standard","meta":{"footnotes":""},"categories":[479,2554,2555,478],"tags":[15249],"class_list":["post-37186","post","type-post","status-publish","format-standard","has-post-thumbnail","","category-haberler-yerel","category-suriye-ve-dunya","category-suriye-ve-turkiye","category-yerel","tag-teroristler-ve-destekcileri-mucadele-eden-suriyelilerden-oc-almaya-calisiyor"],"_links":{"self":[{"href":"https:\/\/archive.sana.sy\/tr\/index.php?rest_route=\/wp\/v2\/posts\/37186","targetHints":{"allow":["GET"]}}],"collection":[{"href":"https:\/\/archive.sana.sy\/tr\/index.php?rest_route=\/wp\/v2\/posts"}],"about":[{"href":"https:\/\/archive.sana.sy\/tr\/index.php?rest_route=\/wp\/v2\/types\/post"}],"author":[{"embeddable":true,"href":"https:\/\/archive.sana.sy\/tr\/index.php?rest_route=\/wp\/v2\/users\/1"}],"replies":[{"embeddable":true,"href":"https:\/\/archive.sana.sy\/tr\/index.php?rest_route=%2Fwp%2Fv2%2Fcomments&post=37186"}],"version-history":[{"count":0,"href":"https:\/\/archive.sana.sy\/tr\/index.php?rest_route=\/wp\/v2\/posts\/37186\/revisions"}],"wp:featuredmedia":[{"embeddable":true,"href":"https:\/\/archive.sana.sy\/tr\/index.php?rest_route=\/wp\/v2\/media\/35220"}],"wp:attachment":[{"href":"https:\/\/archive.sana.sy\/tr\/index.php?rest_route=%2Fwp%2Fv2%2Fmedia&parent=37186"}],"wp:term":[{"taxonomy":"category","embeddable":true,"href":"https:\/\/archive.sana.sy\/tr\/index.php?rest_route=%2Fwp%2Fv2%2Fcategories&post=37186"},{"taxonomy":"post_tag","embeddable":true,"href":"https:\/\/archive.sana.sy\/tr\/index.php?rest_route=%2Fwp%2Fv2%2Ftags&post=37186"}],"curies":[{"name":"wp","href":"https:\/\/api.w.org\/{rel}","templated":true}]}}