{"id":37192,"date":"2015-06-16T20:00:15","date_gmt":"2015-06-16T17:00:15","guid":{"rendered":"http:\/\/sana.sy\/tr\/?p=37192"},"modified":"2015-06-17T14:46:52","modified_gmt":"2015-06-17T11:46:52","slug":"bakanlar-kurulu-vahsi-teror-saldirilarini-siddetle-kinadi","status":"publish","type":"post","link":"https:\/\/archive.sana.sy\/tr\/?p=37192","title":{"rendered":"Bakanlar Kurulu Vah\u015fi Ter\u00f6r Sald\u0131r\u0131lar\u0131n\u0131 \u015eiddetle K\u0131nad\u0131"},"content":{"rendered":"<p>\u015eAM \u2013 Bakanlar Kurulu bug\u00fcn Ba\u015fbakan Vail Halaki ba\u015fkanl\u0131\u011f\u0131nda d\u00fczenledi\u011fi toplant\u0131s\u0131nda ter\u00f6r sald\u0131r\u0131lar\u0131 g\u00f6lgesinde ba\u015fta Halep olmak \u00fczere b\u00fct\u00fcn illerimizdeki hizmet durumunu ve sa\u011fl\u0131k sigortas\u0131 ve g\u00fcvencesi projesini tart\u0131\u015ft\u0131.<\/p>\n<p><a href=\"http:\/\/sana.sy\/tr\/wp-content\/uploads\/2015\/06\/Halaki-13.jpg\"><img loading=\"lazy\" decoding=\"async\" class=\"alignright wp-image-37196 size-medium\" src=\"http:\/\/sana.sy\/tr\/wp-content\/uploads\/2015\/06\/Halaki-13-300x206.jpg\" alt=\"Halaki 1\" width=\"300\" height=\"206\" srcset=\"https:\/\/archive.sana.sy\/tr\/wp-content\/uploads\/2015\/06\/Halaki-13-300x206.jpg 300w, https:\/\/archive.sana.sy\/tr\/wp-content\/uploads\/2015\/06\/Halaki-13-150x103.jpg 150w, https:\/\/archive.sana.sy\/tr\/wp-content\/uploads\/2015\/06\/Halaki-13.jpg 1000w\" sizes=\"auto, (max-width: 300px) 100vw, 300px\" \/><\/a>Toplant\u0131da, silahl\u0131 ter\u00f6r gruplar\u0131n\u0131n Halep\u2019in farkl\u0131 semtlerinde d\u00fcn roketlerle d\u00fczenledi\u011fi onlarca \u00e7ocuk, kad\u0131n ve \u015feyhin \u015fehit d\u00fc\u015fmesiyle sonu\u00e7lanan sald\u0131r\u0131lar ve b\u00fct\u00fcn vah\u015fi sald\u0131r\u0131lar\u0131 \u015fiddetle k\u0131nand\u0131.<\/p>\n<p>Ba\u015fbakan Halaki, silahl\u0131 ter\u00f6r gruplar\u0131n\u0131n uygulad\u0131\u011f\u0131 vah\u015fi sald\u0131r\u0131lar\u0131n bir direni\u015f efsanesi yaratan Suriye halk\u0131ndan intikam alma h\u0131rs\u0131ndan ibaret oldu\u011funu dile getirerek kahraman ordu birliklerimizin ter\u00f6re kar\u015f\u0131 zaferleri, ulusal ekonomimizin dayanma g\u00fcc\u00fcn\u00fcn ve devlet kurumlar\u0131n\u0131n b\u00fct\u00fcn sald\u0131r\u0131lara ra\u011fmen dimdik ayakta kalmas\u0131n\u0131n bu vah\u015fete verilebilecek en net cevap oldu\u011funu belirtti.<\/p>\n<p>Sa\u011fl\u0131k sigortas\u0131 ve g\u00fcvencesi projesinin uygulamalar\u0131n\u0131n \u00f6n\u00fcndeki b\u00fct\u00fcn engellerin ve zorluklar\u0131n kald\u0131r\u0131lmas\u0131 i\u00e7in gerekli icraatlar\u0131n al\u0131nmakta oldu\u011funu ifade eden Halaki, Maliye Bakanl\u0131\u011f\u0131, Sa\u011fl\u0131k Bakanl\u0131\u011f\u0131 ve Tabipler Birli\u011fi aras\u0131ndaki koordinasyonla uygulamalar\u0131n h\u0131zland\u0131r\u0131lmas\u0131n\u0131n planland\u0131\u011f\u0131n\u0131 belirtti.<\/p>\n<p>F.B. &#8211; M.M.<\/p>\n","protected":false},"excerpt":{"rendered":"<p>\u015eAM \u2013 Bakanlar Kurulu bug\u00fcn Ba\u015fbakan Vail Halaki ba\u015fkanl\u0131\u011f\u0131nda d\u00fczenledi\u011fi toplant\u0131s\u0131nda ter\u00f6r sald\u0131r\u0131lar\u0131 g\u00f6lgesinde ba\u015fta Halep olmak \u00fczere b\u00fct\u00fcn illerimizdeki hizmet durumunu ve sa\u011fl\u0131k sigortas\u0131 ve g\u00fcvencesi projesini tart\u0131\u015ft\u0131. Toplant\u0131da, silahl\u0131 ter\u00f6r gruplar\u0131n\u0131n Halep\u2019in farkl\u0131 semtlerinde d\u00fcn roketlerle d\u00fczenledi\u011fi onlarca \u00e7ocuk, kad\u0131n ve \u015feyhin \u015fehit d\u00fc\u015fmesiyle sonu\u00e7lanan sald\u0131r\u0131lar ve b\u00fct\u00fcn vah\u015fi sald\u0131r\u0131lar\u0131 \u015fiddetle k\u0131nand\u0131. Ba\u015fbakan &hellip;<\/p>\n","protected":false},"author":1,"featured_media":37195,"comment_status":"closed","ping_status":"closed","sticky":false,"template":"","format":"standard","meta":{"footnotes":""},"categories":[479,478],"tags":[15250],"class_list":["post-37192","post","type-post","status-publish","format-standard","has-post-thumbnail","","category-haberler-yerel","category-yerel","tag-bakanlar-kurulu-vahsi-teror-saldirilarini-siddetle-kinadi"],"_links":{"self":[{"href":"https:\/\/archive.sana.sy\/tr\/index.php?rest_route=\/wp\/v2\/posts\/37192","targetHints":{"allow":["GET"]}}],"collection":[{"href":"https:\/\/archive.sana.sy\/tr\/index.php?rest_route=\/wp\/v2\/posts"}],"about":[{"href":"https:\/\/archive.sana.sy\/tr\/index.php?rest_route=\/wp\/v2\/types\/post"}],"author":[{"embeddable":true,"href":"https:\/\/archive.sana.sy\/tr\/index.php?rest_route=\/wp\/v2\/users\/1"}],"replies":[{"embeddable":true,"href":"https:\/\/archive.sana.sy\/tr\/index.php?rest_route=%2Fwp%2Fv2%2Fcomments&post=37192"}],"version-history":[{"count":0,"href":"https:\/\/archive.sana.sy\/tr\/index.php?rest_route=\/wp\/v2\/posts\/37192\/revisions"}],"wp:featuredmedia":[{"embeddable":true,"href":"https:\/\/archive.sana.sy\/tr\/index.php?rest_route=\/wp\/v2\/media\/37195"}],"wp:attachment":[{"href":"https:\/\/archive.sana.sy\/tr\/index.php?rest_route=%2Fwp%2Fv2%2Fmedia&parent=37192"}],"wp:term":[{"taxonomy":"category","embeddable":true,"href":"https:\/\/archive.sana.sy\/tr\/index.php?rest_route=%2Fwp%2Fv2%2Fcategories&post=37192"},{"taxonomy":"post_tag","embeddable":true,"href":"https:\/\/archive.sana.sy\/tr\/index.php?rest_route=%2Fwp%2Fv2%2Ftags&post=37192"}],"curies":[{"name":"wp","href":"https:\/\/api.w.org\/{rel}","templated":true}]}}