{"id":37200,"date":"2015-06-16T21:03:51","date_gmt":"2015-06-16T18:03:51","guid":{"rendered":"http:\/\/sana.sy\/tr\/?p=37200"},"modified":"2015-06-16T21:03:51","modified_gmt":"2015-06-16T18:03:51","slug":"samda-birinci-seriat-kadisi-mahmut-el-meravi-bilimsel-ve-seriat-vechinden-saban-ayinin-30-gun-oldugu-ve-mubarek-ramazan-ayinin-ilk-gununun-18-haziran-tarihine-denk-gelen-persembe-gunu-oldugun","status":"publish","type":"post","link":"https:\/\/archive.sana.sy\/tr\/?p=37200","title":{"rendered":"\u015eam\u2019da Birinci \u015eeriat Kad\u0131s\u0131 Mahmut el Meravi bilimsel ve \u015feriat ve\u00e7hinden \u015eaban Ay\u0131n\u0131n 30 g\u00fcn oldu\u011fu ve m\u00fcbarek Ramazan ay\u0131n\u0131n ilk g\u00fcn\u00fcn\u00fcn 18 Haziran tarihine denk gelen Per\u015fembe g\u00fcn\u00fc oldu\u011funun tespit edildi\u011fini belirtti\u200f"},"content":{"rendered":"<p>\u015eam\u2019da Birinci \u015eeriat Kad\u0131s\u0131 Mahmut el Meravi bilimsel ve \u015feriat ve\u00e7hinden \u015eaban Ay\u0131n\u0131n 30 g\u00fcn oldu\u011fu ve m\u00fcbarek Ramazan ay\u0131n\u0131n ilk g\u00fcn\u00fcn\u00fcn 18 Haziran tarihine denk gelen Per\u015fembe g\u00fcn\u00fc oldu\u011funun tespit edildi\u011fini belirtti\u200f<\/p>\n","protected":false},"excerpt":{"rendered":"<p>\u015eam\u2019da Birinci \u015eeriat Kad\u0131s\u0131 Mahmut el Meravi bilimsel ve \u015feriat ve\u00e7hinden \u015eaban Ay\u0131n\u0131n 30 g\u00fcn oldu\u011fu ve m\u00fcbarek Ramazan ay\u0131n\u0131n ilk g\u00fcn\u00fcn\u00fcn 18 Haziran tarihine denk gelen Per\u015fembe g\u00fcn\u00fc oldu\u011funun tespit edildi\u011fini belirtti\u200f<\/p>\n","protected":false},"author":1,"featured_media":0,"comment_status":"closed","ping_status":"closed","sticky":false,"template":"","format":"standard","meta":{"footnotes":""},"categories":[1],"tags":[],"class_list":["post-37200","post","type-post","status-publish","format-standard","","category-news-not-sorted"],"_links":{"self":[{"href":"https:\/\/archive.sana.sy\/tr\/index.php?rest_route=\/wp\/v2\/posts\/37200","targetHints":{"allow":["GET"]}}],"collection":[{"href":"https:\/\/archive.sana.sy\/tr\/index.php?rest_route=\/wp\/v2\/posts"}],"about":[{"href":"https:\/\/archive.sana.sy\/tr\/index.php?rest_route=\/wp\/v2\/types\/post"}],"author":[{"embeddable":true,"href":"https:\/\/archive.sana.sy\/tr\/index.php?rest_route=\/wp\/v2\/users\/1"}],"replies":[{"embeddable":true,"href":"https:\/\/archive.sana.sy\/tr\/index.php?rest_route=%2Fwp%2Fv2%2Fcomments&post=37200"}],"version-history":[{"count":0,"href":"https:\/\/archive.sana.sy\/tr\/index.php?rest_route=\/wp\/v2\/posts\/37200\/revisions"}],"wp:attachment":[{"href":"https:\/\/archive.sana.sy\/tr\/index.php?rest_route=%2Fwp%2Fv2%2Fmedia&parent=37200"}],"wp:term":[{"taxonomy":"category","embeddable":true,"href":"https:\/\/archive.sana.sy\/tr\/index.php?rest_route=%2Fwp%2Fv2%2Fcategories&post=37200"},{"taxonomy":"post_tag","embeddable":true,"href":"https:\/\/archive.sana.sy\/tr\/index.php?rest_route=%2Fwp%2Fv2%2Ftags&post=37200"}],"curies":[{"name":"wp","href":"https:\/\/api.w.org\/{rel}","templated":true}]}}