{"id":37202,"date":"2015-06-16T21:12:17","date_gmt":"2015-06-16T18:12:17","guid":{"rendered":"http:\/\/sana.sy\/tr\/?p=37202"},"modified":"2015-06-16T21:14:52","modified_gmt":"2015-06-16T18:14:52","slug":"ramazanin-ilk-gunu-persembe","status":"publish","type":"post","link":"https:\/\/archive.sana.sy\/tr\/?p=37202","title":{"rendered":"Ramazan\u2019\u0131n \u0130lk G\u00fcn\u00fc Per\u015fembe"},"content":{"rendered":"<p>\u015eAM \u2013 \u015eam\u2019da Birinci \u015eeriat Kad\u0131s\u0131 Mahmut el Meravi bilimsel ve \u015feriat ve\u00e7hinden \u015eaban Ay\u0131n\u0131n 30 g\u00fcn oldu\u011fu ve m\u00fcbarek Ramazan ay\u0131n\u0131n ilk g\u00fcn\u00fcn\u00fcn 18 Haziran tarihine denk gelen Per\u015fembe g\u00fcn\u00fc oldu\u011funun tespit edildi\u011fini belirtti.<\/p>\n<p>Birinci \u015eeriat Kad\u0131s\u0131 Meravi bug\u00fcn yay\u0131nlad\u0131\u011f\u0131 ve SANA\u2019n\u0131n bir n\u00fcshas\u0131n\u0131 ald\u0131\u011f\u0131 beyanda 16 Hazirana denk gelen Sal\u0131 ak\u015fam\u0131nda Ramazan hilalinin g\u00f6r\u00fclmemesiyle Ramazan ay\u0131n\u0131n ilk g\u00fcn\u00fcn\u00fcn Per\u015fembe oldu\u011funun tespit edildi\u011fini belirtti.<\/p>\n<p>A.A. &#8211; M.M.<\/p>\n","protected":false},"excerpt":{"rendered":"<p>\u015eAM \u2013 \u015eam\u2019da Birinci \u015eeriat Kad\u0131s\u0131 Mahmut el Meravi bilimsel ve \u015feriat ve\u00e7hinden \u015eaban Ay\u0131n\u0131n 30 g\u00fcn oldu\u011fu ve m\u00fcbarek Ramazan ay\u0131n\u0131n ilk g\u00fcn\u00fcn\u00fcn 18 Haziran tarihine denk gelen Per\u015fembe g\u00fcn\u00fc oldu\u011funun tespit edildi\u011fini belirtti. Birinci \u015eeriat Kad\u0131s\u0131 Meravi bug\u00fcn yay\u0131nlad\u0131\u011f\u0131 ve SANA\u2019n\u0131n bir n\u00fcshas\u0131n\u0131 ald\u0131\u011f\u0131 beyanda 16 Hazirana denk gelen Sal\u0131 ak\u015fam\u0131nda Ramazan hilalinin &hellip;<\/p>\n","protected":false},"author":1,"featured_media":37205,"comment_status":"closed","ping_status":"closed","sticky":false,"template":"","format":"standard","meta":{"footnotes":""},"categories":[479,478],"tags":[],"class_list":["post-37202","post","type-post","status-publish","format-standard","has-post-thumbnail","","category-haberler-yerel","category-yerel"],"_links":{"self":[{"href":"https:\/\/archive.sana.sy\/tr\/index.php?rest_route=\/wp\/v2\/posts\/37202","targetHints":{"allow":["GET"]}}],"collection":[{"href":"https:\/\/archive.sana.sy\/tr\/index.php?rest_route=\/wp\/v2\/posts"}],"about":[{"href":"https:\/\/archive.sana.sy\/tr\/index.php?rest_route=\/wp\/v2\/types\/post"}],"author":[{"embeddable":true,"href":"https:\/\/archive.sana.sy\/tr\/index.php?rest_route=\/wp\/v2\/users\/1"}],"replies":[{"embeddable":true,"href":"https:\/\/archive.sana.sy\/tr\/index.php?rest_route=%2Fwp%2Fv2%2Fcomments&post=37202"}],"version-history":[{"count":0,"href":"https:\/\/archive.sana.sy\/tr\/index.php?rest_route=\/wp\/v2\/posts\/37202\/revisions"}],"wp:featuredmedia":[{"embeddable":true,"href":"https:\/\/archive.sana.sy\/tr\/index.php?rest_route=\/wp\/v2\/media\/37205"}],"wp:attachment":[{"href":"https:\/\/archive.sana.sy\/tr\/index.php?rest_route=%2Fwp%2Fv2%2Fmedia&parent=37202"}],"wp:term":[{"taxonomy":"category","embeddable":true,"href":"https:\/\/archive.sana.sy\/tr\/index.php?rest_route=%2Fwp%2Fv2%2Fcategories&post=37202"},{"taxonomy":"post_tag","embeddable":true,"href":"https:\/\/archive.sana.sy\/tr\/index.php?rest_route=%2Fwp%2Fv2%2Ftags&post=37202"}],"curies":[{"name":"wp","href":"https:\/\/api.w.org\/{rel}","templated":true}]}}