{"id":37207,"date":"2015-06-17T10:19:36","date_gmt":"2015-06-17T07:19:36","guid":{"rendered":"http:\/\/sana.sy\/tr\/?p=37207"},"modified":"2015-06-17T10:25:45","modified_gmt":"2015-06-17T07:25:45","slug":"guney-afrika-ile-isbirligini-gelistirme-yontemleri-incelendi","status":"publish","type":"post","link":"https:\/\/archive.sana.sy\/tr\/?p=37207","title":{"rendered":"G\u00fcney Afrika \u0130le \u0130\u015fbirli\u011fini Geli\u015ftirme Y\u00f6ntemleri \u0130ncelendi"},"content":{"rendered":"<p>\u015eAM \u2013 Maliye Bakan\u0131 \u0130smail \u0130smail d\u00fcn G\u00fcney Afrika\u2019n\u0131n \u015eam B\u00fcy\u00fckel\u00e7isi ile bir araya gelerek iki dost \u00fclke aras\u0131ndaki dostluk ili\u015fkilerini iki \u00fclke halk\u0131n\u0131n \u00e7\u0131karlar\u0131n\u0131 koruyacak \u015fekilde geli\u015ftirme y\u00f6ntemlerini inceledi.<\/p>\n<p>Vergi ve g\u00fcmr\u00fck sistemlerinde deneyim al\u0131\u015fveri\u015fi olanaklar\u0131n\u0131n incelendi\u011fi toplant\u0131da iki taraf idari ve g\u00fcmr\u00fck alan\u0131nda kar\u015f\u0131l\u0131kl\u0131 yard\u0131mla\u015fma anla\u015fmas\u0131n\u0131n tamamlanarak uygulanmas\u0131 gere\u011fi vurguland\u0131.<\/p>\n<p>\u00dclkesinin Suriye ile ortak i\u015fbirli\u011fini geli\u015ftirmeye b\u00fcy\u00fck bir \u00f6nem verdi\u011fini dile getiren G\u00fcney Afrika B\u00fcy\u00fckel\u00e7isi, yak\u0131n bir zamanda \u00fcst d\u00fczey yetkililerden olu\u015fan bir heyetin bu ama\u00e7la \u015eam\u2019\u0131 ziyaret etmesinin planland\u0131\u011f\u0131n\u0131 belirtti.<\/p>\n<p>F.B &#8211; S.\u015e<\/p>\n","protected":false},"excerpt":{"rendered":"<p>\u015eAM \u2013 Maliye Bakan\u0131 \u0130smail \u0130smail d\u00fcn G\u00fcney Afrika\u2019n\u0131n \u015eam B\u00fcy\u00fckel\u00e7isi ile bir araya gelerek iki dost \u00fclke aras\u0131ndaki dostluk ili\u015fkilerini iki \u00fclke halk\u0131n\u0131n \u00e7\u0131karlar\u0131n\u0131 koruyacak \u015fekilde geli\u015ftirme y\u00f6ntemlerini inceledi. Vergi ve g\u00fcmr\u00fck sistemlerinde deneyim al\u0131\u015fveri\u015fi olanaklar\u0131n\u0131n incelendi\u011fi toplant\u0131da iki taraf idari ve g\u00fcmr\u00fck alan\u0131nda kar\u015f\u0131l\u0131kl\u0131 yard\u0131mla\u015fma anla\u015fmas\u0131n\u0131n tamamlanarak uygulanmas\u0131 gere\u011fi vurguland\u0131. \u00dclkesinin Suriye ile &hellip;<\/p>\n","protected":false},"author":1,"featured_media":37210,"comment_status":"closed","ping_status":"closed","sticky":false,"template":"","format":"standard","meta":{"footnotes":""},"categories":[485,479,486,2554,478],"tags":[],"class_list":["post-37207","post","type-post","status-publish","format-standard","has-post-thumbnail","","category-is-ve-sermaye","category-haberler-yerel","category-haberler-is-ve-sermaye","category-suriye-ve-dunya","category-yerel"],"_links":{"self":[{"href":"https:\/\/archive.sana.sy\/tr\/index.php?rest_route=\/wp\/v2\/posts\/37207","targetHints":{"allow":["GET"]}}],"collection":[{"href":"https:\/\/archive.sana.sy\/tr\/index.php?rest_route=\/wp\/v2\/posts"}],"about":[{"href":"https:\/\/archive.sana.sy\/tr\/index.php?rest_route=\/wp\/v2\/types\/post"}],"author":[{"embeddable":true,"href":"https:\/\/archive.sana.sy\/tr\/index.php?rest_route=\/wp\/v2\/users\/1"}],"replies":[{"embeddable":true,"href":"https:\/\/archive.sana.sy\/tr\/index.php?rest_route=%2Fwp%2Fv2%2Fcomments&post=37207"}],"version-history":[{"count":0,"href":"https:\/\/archive.sana.sy\/tr\/index.php?rest_route=\/wp\/v2\/posts\/37207\/revisions"}],"wp:featuredmedia":[{"embeddable":true,"href":"https:\/\/archive.sana.sy\/tr\/index.php?rest_route=\/wp\/v2\/media\/37210"}],"wp:attachment":[{"href":"https:\/\/archive.sana.sy\/tr\/index.php?rest_route=%2Fwp%2Fv2%2Fmedia&parent=37207"}],"wp:term":[{"taxonomy":"category","embeddable":true,"href":"https:\/\/archive.sana.sy\/tr\/index.php?rest_route=%2Fwp%2Fv2%2Fcategories&post=37207"},{"taxonomy":"post_tag","embeddable":true,"href":"https:\/\/archive.sana.sy\/tr\/index.php?rest_route=%2Fwp%2Fv2%2Ftags&post=37207"}],"curies":[{"name":"wp","href":"https:\/\/api.w.org\/{rel}","templated":true}]}}