{"id":3721,"date":"2014-06-23T13:57:24","date_gmt":"2014-06-23T10:57:24","guid":{"rendered":"http:\/\/www.sana.sy\/tr\/?p=3721"},"modified":"2014-06-26T12:56:23","modified_gmt":"2014-06-26T09:56:23","slug":"ulkesinin-bolgedeki-kaostan-sorumlu-oldugunu-goz-ardi-etti","status":"publish","type":"post","link":"https:\/\/archive.sana.sy\/tr\/?p=3721","title":{"rendered":"\u00dclkesinin B\u00f6lgedeki Kaostan Sorumlu Oldu\u011funu G\u00f6z Ard\u0131 Etti"},"content":{"rendered":"<p><span style=\"color: #800000\">AMMAN \u2013<\/span> \u00dcrd\u00fcn D\u0131\u015fi\u015fleri ve Gurbet\u00e7iler Bakan\u0131 Nas\u0131r Cuda, \u00fclkesinin Suriye\u2019nin g\u00fcvenlik ve huzurunu g\u00fcvence alt\u0131na alan, toprak b\u00fct\u00fcnl\u00fc\u011f\u00fcn\u00fc koruyan t\u00fcm toplumsal kesimlerin katk\u0131da bulundu\u011fu siyasi \u00e7\u00f6z\u00fcme \u00e7a\u011fr\u0131da bulunmas\u0131na dayal\u0131 Suriye krizine y\u00f6nelik tutumunun de\u011fi\u015fmedi\u011fine vurgu yapt\u0131.<br \/>\n\u00dcrd\u00fcn Haber Ajans\u0131 Petra, Bakan Cuda\u2019n\u0131n d\u00fcn ak\u015fam ABD D\u0131\u015fi\u015fleri Bakan\u0131 John Kerry ile Amman\u2019da yapt\u0131\u011f\u0131 g\u00f6r\u00fc\u015fmede Irak\u2019\u0131n tan\u0131k oldu\u011fu ve t\u00fcm b\u00f6lgenin g\u00fcvenli\u011fini tehdit eden geli\u015fmelere kar\u015f\u0131 ilgili taraflar\u0131n ve uluslar aras\u0131 toplumun \u00e7abalar\u0131n\u0131 birle\u015ftirmeleri gerekti\u011fine vurgu yapt\u0131\u011f\u0131n\u0131 aktard\u0131.<br \/>\nPetra Haber ajans, Amerika ve \u00dcrd\u00fcnl\u00fc taraflar\u0131n g\u00f6r\u00fc\u015fmede bar\u0131\u015f s\u00fcrecini, \u0130srail ve Filistin aras\u0131nda bar\u0131\u015f m\u00fczakerelerinin yeniden ba\u015flamas\u0131n\u0131 ele ald\u0131\u011f\u0131n\u0131 bildirerek Cudi\u2019nin ba\u011f\u0131ms\u0131z Filistin Devletinin kurulmas\u0131na dayal\u0131 iki devlet \u00e7\u00f6z\u00fcm\u00fcn\u00fcn hayata ge\u00e7irilmesindeki ba\u015far\u0131s\u0131zl\u0131\u011f\u0131n b\u00f6lgedeki istikrars\u0131zl\u0131\u011f\u0131n ana nedeni oldu\u011fu gibi d\u00fcnya bar\u0131\u015f ve istikrar\u0131n\u0131 da tehdit etti\u011fini s\u00f6yledi\u011fini bildirdi.<br \/>\nABD D\u0131\u015fi\u015fleri Bakan\u0131n\u0131n \u00dcrd\u00fcn gezisi, M\u0131s\u0131r\u2019\u0131 kapsayan b\u00f6lge turu kapsam\u0131nda geldi. Kerry M\u0131s\u0131r D\u0131\u015fi\u015fleri Bakan\u0131 Sameh \u015e\u00fckr\u00fc ile M\u0131s\u0131r Ba\u015fkan\u0131 Abd\u00fclfettah el-Sisi ile yapt\u0131\u011f\u0131 g\u00f6r\u00fc\u015fmenin ard\u0131ndan d\u00fcn d\u00fczenledi\u011fi ortak bas\u0131n toplant\u0131s\u0131nda, Irak ve \u015eam \u0130slam Devleti ter\u00f6r \u00f6rg\u00fct\u00fcn\u00fcn b\u00f6lgedeki ve b\u00f6lge d\u0131\u015f\u0131ndaki herkesi tehdit etti\u011fini belirterek ABD y\u00f6netiminin i\u015fgal etti\u011fi Irak\u2019taki kaostan sorumlu oldu\u011funa ili\u015fkin su\u00e7lamalar\u0131 reddetti.<br \/>\nLibya ve Irak ba\u015fta olmak \u00fczere b\u00f6lgedeki bir\u00e7ok \u00fclkeye ter\u00f6r ve radikal dincili\u011fin ihra\u00e7 edilmesi nedeniyle bu \u00fclkelerin b\u00fcy\u00fck zorluklarla ya\u015fad\u0131\u011f\u0131na de\u011finen Kerry, \u00fclkesinin ortaklar\u0131 T\u00fcrkiye ve Katar\u2019la birlikte Suriye\u2019deki silahl\u0131 ter\u00f6r gruplar\u0131na kom\u015fu \u00fclkelerin s\u0131n\u0131rlar\u0131 \u00fczerinden verdi\u011fi destek nedeniyle b\u00f6lgede ter\u00f6r ve radikal \u0130slam\u2019\u0131n yay\u0131lmas\u0131ndan sorumlu oldu\u011funu g\u00f6z ard\u0131 etti.<\/p>\n<p>&nbsp;<\/p>\n","protected":false},"excerpt":{"rendered":"<p>AMMAN \u2013 \u00dcrd\u00fcn D\u0131\u015fi\u015fleri ve Gurbet\u00e7iler Bakan\u0131 Nas\u0131r Cuda, \u00fclkesinin Suriye\u2019nin g\u00fcvenlik ve huzurunu g\u00fcvence alt\u0131na alan, toprak b\u00fct\u00fcnl\u00fc\u011f\u00fcn\u00fc koruyan t\u00fcm toplumsal kesimlerin katk\u0131da bulundu\u011fu siyasi \u00e7\u00f6z\u00fcme \u00e7a\u011fr\u0131da bulunmas\u0131na dayal\u0131 Suriye krizine y\u00f6nelik tutumunun de\u011fi\u015fmedi\u011fine vurgu yapt\u0131. \u00dcrd\u00fcn Haber Ajans\u0131 Petra, Bakan Cuda\u2019n\u0131n d\u00fcn ak\u015fam ABD D\u0131\u015fi\u015fleri Bakan\u0131 John Kerry ile Amman\u2019da yapt\u0131\u011f\u0131 g\u00f6r\u00fc\u015fmede Irak\u2019\u0131n &hellip;<\/p>\n","protected":false},"author":1,"featured_media":3722,"comment_status":"closed","ping_status":"closed","sticky":false,"template":"","format":"standard","meta":{"footnotes":""},"categories":[458,459,447],"tags":[815],"class_list":["post-3721","post","type-post","status-publish","format-standard","has-post-thumbnail","","category-dunya1","category-haberler-arap-uluslararasi-politika","category-politika","tag-ulkesinin-bolgedeki-kaostan-sorumlu-oldugunu-goz-ardi-etti"],"_links":{"self":[{"href":"https:\/\/archive.sana.sy\/tr\/index.php?rest_route=\/wp\/v2\/posts\/3721","targetHints":{"allow":["GET"]}}],"collection":[{"href":"https:\/\/archive.sana.sy\/tr\/index.php?rest_route=\/wp\/v2\/posts"}],"about":[{"href":"https:\/\/archive.sana.sy\/tr\/index.php?rest_route=\/wp\/v2\/types\/post"}],"author":[{"embeddable":true,"href":"https:\/\/archive.sana.sy\/tr\/index.php?rest_route=\/wp\/v2\/users\/1"}],"replies":[{"embeddable":true,"href":"https:\/\/archive.sana.sy\/tr\/index.php?rest_route=%2Fwp%2Fv2%2Fcomments&post=3721"}],"version-history":[{"count":0,"href":"https:\/\/archive.sana.sy\/tr\/index.php?rest_route=\/wp\/v2\/posts\/3721\/revisions"}],"wp:featuredmedia":[{"embeddable":true,"href":"https:\/\/archive.sana.sy\/tr\/index.php?rest_route=\/wp\/v2\/media\/3722"}],"wp:attachment":[{"href":"https:\/\/archive.sana.sy\/tr\/index.php?rest_route=%2Fwp%2Fv2%2Fmedia&parent=3721"}],"wp:term":[{"taxonomy":"category","embeddable":true,"href":"https:\/\/archive.sana.sy\/tr\/index.php?rest_route=%2Fwp%2Fv2%2Fcategories&post=3721"},{"taxonomy":"post_tag","embeddable":true,"href":"https:\/\/archive.sana.sy\/tr\/index.php?rest_route=%2Fwp%2Fv2%2Ftags&post=3721"}],"curies":[{"name":"wp","href":"https:\/\/api.w.org\/{rel}","templated":true}]}}