{"id":3725,"date":"2014-06-24T00:34:24","date_gmt":"2014-06-23T21:34:24","guid":{"rendered":"http:\/\/www.sana.sy\/tr\/?p=3725"},"modified":"2014-06-24T22:51:48","modified_gmt":"2014-06-24T19:51:48","slug":"el-esad-zuma-ve-velayetiden-kutlama-mesaji-aldi","status":"publish","type":"post","link":"https:\/\/archive.sana.sy\/tr\/?p=3725","title":{"rendered":"El Esad Zuma ve Velayeti\u2019den Kutlama Mesaj\u0131 Ald\u0131"},"content":{"rendered":"<p>\u015eAM \u2013 Cumhurba\u015fkan\u0131 Be\u015f\u015far el Esad Suriye halk\u0131n\u0131n yo\u011fun kat\u0131l\u0131m\u0131 ile 3 Haziranda yap\u0131lan cumhurba\u015fkanl\u0131\u011f\u0131 se\u00e7imlerini kazanmas\u0131 m\u00fcnasebetiyle d\u00fcn G\u00fcney Afrika Cumhurba\u015fkan\u0131 Jacob Zuma\u2019dan kutlama mesaj\u0131 ald\u0131.<\/p>\n<p>Zuma mesaj\u0131nda Suriye halk\u0131 ve h\u00fck\u00fcmetinin Suriye&#8217;nin tan\u0131k oldu\u011fu krizi en k\u0131sa zamanda a\u015fmas\u0131 temennilerinde bulunurken \u00fclkesinin bu konuda yard\u0131mc\u0131 olmaya haz\u0131r odlu\u011funu belirtti.<\/p>\n<p>El Esad cumhurba\u015fkanl\u0131\u011f\u0131 se\u00e7imlerini kazanmas\u0131 m\u00fcnasebetiyle ayr\u0131ca \u0130ran \u0130slam Cumhuriyetinde Uluslararas\u0131 \u0130slami Uyan\u0131\u015f Toplulu\u011fu Genel Sekreteri Ali Ekber Velayeti\u2019den bir kutlama mesaj\u0131 ald\u0131.<\/p>\n<p>Velayeti mesaj\u0131nda Suriye halk\u0131n\u0131n se\u00e7imlere yo\u011fun kat\u0131l\u0131m\u0131 ile t\u00fcm d\u00fcnyaya kendi gelece\u011fini ve cumhurba\u015fkan\u0131n\u0131 se\u00e7me hakk\u0131na sahip tek taraf oldu\u011funu g\u00f6sterdi\u011fini ifade ederken Suriye&#8217;nin en k\u0131sa zamanda krizi atlatma temennilerinde bulundu.<\/p>\n","protected":false},"excerpt":{"rendered":"<p>\u015eAM \u2013 Cumhurba\u015fkan\u0131 Be\u015f\u015far el Esad Suriye halk\u0131n\u0131n yo\u011fun kat\u0131l\u0131m\u0131 ile 3 Haziranda yap\u0131lan cumhurba\u015fkanl\u0131\u011f\u0131 se\u00e7imlerini kazanmas\u0131 m\u00fcnasebetiyle d\u00fcn G\u00fcney Afrika Cumhurba\u015fkan\u0131 Jacob Zuma\u2019dan kutlama mesaj\u0131 ald\u0131. Zuma mesaj\u0131nda Suriye halk\u0131 ve h\u00fck\u00fcmetinin Suriye&#8217;nin tan\u0131k oldu\u011fu krizi en k\u0131sa zamanda a\u015fmas\u0131 temennilerinde bulunurken \u00fclkesinin bu konuda yard\u0131mc\u0131 olmaya haz\u0131r odlu\u011funu belirtti. El Esad cumhurba\u015fkanl\u0131\u011f\u0131 se\u00e7imlerini &hellip;<\/p>\n","protected":false},"author":1,"featured_media":3726,"comment_status":"closed","ping_status":"closed","sticky":false,"template":"","format":"standard","meta":{"footnotes":""},"categories":[479,447,605,613,478],"tags":[816],"class_list":["post-3725","post","type-post","status-publish","format-standard","has-post-thumbnail","","category-haberler-yerel","category-politika","category-sayin-cumhurbaskani","category-telgraflar","category-yerel","tag-el-esad-zuma-ve-velayetiden-kutlama-mesaji-aldi"],"_links":{"self":[{"href":"https:\/\/archive.sana.sy\/tr\/index.php?rest_route=\/wp\/v2\/posts\/3725","targetHints":{"allow":["GET"]}}],"collection":[{"href":"https:\/\/archive.sana.sy\/tr\/index.php?rest_route=\/wp\/v2\/posts"}],"about":[{"href":"https:\/\/archive.sana.sy\/tr\/index.php?rest_route=\/wp\/v2\/types\/post"}],"author":[{"embeddable":true,"href":"https:\/\/archive.sana.sy\/tr\/index.php?rest_route=\/wp\/v2\/users\/1"}],"replies":[{"embeddable":true,"href":"https:\/\/archive.sana.sy\/tr\/index.php?rest_route=%2Fwp%2Fv2%2Fcomments&post=3725"}],"version-history":[{"count":0,"href":"https:\/\/archive.sana.sy\/tr\/index.php?rest_route=\/wp\/v2\/posts\/3725\/revisions"}],"wp:featuredmedia":[{"embeddable":true,"href":"https:\/\/archive.sana.sy\/tr\/index.php?rest_route=\/wp\/v2\/media\/3726"}],"wp:attachment":[{"href":"https:\/\/archive.sana.sy\/tr\/index.php?rest_route=%2Fwp%2Fv2%2Fmedia&parent=3725"}],"wp:term":[{"taxonomy":"category","embeddable":true,"href":"https:\/\/archive.sana.sy\/tr\/index.php?rest_route=%2Fwp%2Fv2%2Fcategories&post=3725"},{"taxonomy":"post_tag","embeddable":true,"href":"https:\/\/archive.sana.sy\/tr\/index.php?rest_route=%2Fwp%2Fv2%2Ftags&post=3725"}],"curies":[{"name":"wp","href":"https:\/\/api.w.org\/{rel}","templated":true}]}}