{"id":37276,"date":"2015-06-17T21:10:24","date_gmt":"2015-06-17T18:10:24","guid":{"rendered":"http:\/\/sana.sy\/tr\/?p=37276"},"modified":"2015-06-18T14:13:29","modified_gmt":"2015-06-18T11:13:29","slug":"sam-kirsalinda-toplanma-merkezleri-hedef-alindi-homs-ve-dera-kirsallarinda-onlarcasi-olu-dusuruldu","status":"publish","type":"post","link":"https:\/\/archive.sana.sy\/tr\/?p=37276","title":{"rendered":"\u015eam K\u0131rsal\u0131nda Toplanma Merkezleri Hedef Al\u0131nd\u0131 Homs ve Dera K\u0131rsallar\u0131nda Onlarcas\u0131 \u00d6l\u00fc D\u00fc\u015f\u00fcr\u00fcld\u00fc"},"content":{"rendered":"<p>\u0130LLER \u2013 Suriye Arap ordusunda hava g\u00fc\u00e7lerimiz ve kara birliklerimiz \u00fclkenin muhtelif cephelerinde d\u0131\u015f destekli tekfirci ve hain ter\u00f6rist \u00f6rg\u00fctlere y\u00f6nelik operasyonlar\u0131n\u0131 t\u00fcm h\u0131z\u0131yla s\u00fcrd\u00fcr\u00fcrlerken, bug\u00fcn ter\u00f6ristlerin a\u011f\u0131r kay\u0131plar\u0131 da devam ediyor.<\/p>\n<p><span style=\"color: #0000ff\">DERA:<\/span><\/p>\n<p>Askeri kaynak SANA\u2019ya a\u00e7\u0131klamas\u0131nda, ordu birliklerimizin Dera do\u011fu k\u0131rsal\u0131nda S\u00fcveyda il s\u0131n\u0131rlar\u0131na yak\u0131n Um Veled K\u00f6y\u00fc \u00e7evresi ve Naime Beldesi Center\u2019in g\u00fcneydo\u011fusunda \u0130rail ve \u00dcrd\u00fcn rejiminden destek alan tekfiri ter\u00f6r \u00f6rg\u00fctlere ait bir yuvay\u0131 imha ettiklerini s\u00f6yledi.<\/p>\n<p>Kaynak, birliklerimizin Dera kuzey k\u0131rsal\u0131 Tafas Beldesinde de ter\u00f6ristlerin hareketlenme eksenlerine y\u00f6nelik operasyonlar\u0131nda Nusra Cephesi ve tekfirci karde\u015flerinden \u00e7ok say\u0131da ter\u00f6risti \u00f6ld\u00fcrd\u00fcklerini, onlara ait ara\u00e7 ve cephanelerini de imha ettiklerini s\u00f6yledi.<\/p>\n<p>G\u00fcneydo\u011fudaki \u00dcrd\u00fcn ile uluslararas\u0131 s\u0131n\u0131rdaki Nasib Beldesinde ise askeri kaynak, yine Nusra Cephesinden ter\u00f6ristleri \u00f6ld\u00fcrd\u00fcklerini belirtti.<\/p>\n<p>Kaynak, Dera Beled el Bihar mezarl\u0131\u011f\u0131n\u0131n g\u00fcneybat\u0131s\u0131nda ter\u00f6rist \u00f6rg\u00fctlere ait bit yuvan\u0131n muhtevalar\u0131yla imha edilmesiyle bir k\u0131s\u0131m ter\u00f6ristlerin silah ve cephaneleriyle etkisizle\u015ftirildiklerini ifade etti.<\/p>\n<p>Ordu birliklerimizin i\u015fgalci \u0130srail ve \u00dcrd\u00fcn rejiminden askeri ve istihbarat deste\u011fi alan Nusra Cephesi \u00e7etelerini 1570 metre y\u00fcksekli\u011finde olan ve i\u015fgal alt\u0131ndaki Golan\u2019a yak\u0131nl\u0131\u011f\u0131yla bilinen Tel el Hara\u2019da da a\u011f\u0131r kay\u0131plara u\u011fratt\u0131klar\u0131n\u0131 belirten kaynak; buralarda bir\u00e7ok karargah ve mevkilerinin muhtevalar\u0131yla imha edildiklerini aktard\u0131. Kaynak operasyonlarada aralar\u0131nda yabanc\u0131 ve saha komutanlar\u0131n\u0131n bulundu\u011fu onlarca ter\u00f6ristin etkisizle\u015ftirildi\u011fini, b\u00fcy\u00fck miktarda ve muhtelif t\u00fcrlerde cephanelerinin bir\u00e7ok ara\u00e7la birlikte imha edildi\u011fini belirtti.<\/p>\n<p><span style=\"color: #0000ff\">KUNAYTRA:<\/span><\/p>\n<p>Kunaytra&#8217;da ise ordu birliklerimiz \u0130srail&#8217;in y\u00f6nlendirmeleri ve askeri deste\u011fi ile faaliyet g\u00f6steren tekfiri ve vatan haini ter\u00f6r \u00f6rg\u00fctlerinin hareket eksenleri ve ikmal yollar\u0131n\u0131 yo\u011fun ate\u015fe tuttu.<\/p>\n<p>Ordu birliklerimizin Um Batina ve Kerm Ceba\u2019n\u0131n g\u00fcneyinde \u00e7ok say\u0131da ter\u00f6rist \u00f6l\u00fc d\u00fc\u015f\u00fcrd\u00fc\u011f\u00fcn\u00fc belirten askeri kaynak;\u00a0k\u0131rsal\u0131n kuzeydo\u011fusundaki T\u0131yha, Meshara ve Samadaniye\u2019de b\u00f6lgelerinde de onlarcas\u0131n\u0131 ara\u00e7 ve cephaneleriyle etkisizle\u015ftirdiklerini ifade etti.<\/p>\n<p>Kaynak; ordu birliklerimizin ter\u00f6r \u00f6rg\u00fctlerin Kunaytra k\u0131rsal\u0131 Tel \u015eear, Tel Bzak ve Krum Cebba b\u00f6lgelerine sald\u0131rma giri\u015fimlerini \u00e7\u00f6kertmeleriyle 200\u2019den fazla ter\u00f6risti \u00f6l\u00fc ve yaral\u0131 d\u00fc\u015f\u00fcrd\u00fcklerini belirtti.<\/p>\n<p><span style=\"color: #0000ff\">\u015eAM KIRSALI:<\/span><\/p>\n<p>Bu arada askeri kaynak hava g\u00fc\u00e7lerimizin \u015eam k\u0131rsal\u0131n\u0131n g\u00fcneybat\u0131s\u0131 Han el \u015eiyh ve Beyt Cin \u00e7evresinde ter\u00f6rist \u00f6rg\u00fctlere ait bir cephane deposunu imha ederek toplanma merkezlerine sald\u0131r\u0131lar\u0131nda onlarca ter\u00f6risti \u00f6l\u00fc d\u00fc\u015f\u00fcrd\u00fc\u011f\u00fcn\u00fc s\u00f6yledi.<\/p>\n<p>Kaynak Do\u011fu Guta\u2019da Ne\u015f\u015fabiye ve Hammuriye \u00e7evresinde ise ordu birliklerimizin tekfiri ter\u00f6r \u00f6rg\u00fctlere ait bir havan rampas\u0131 ile bir toplar\u0131n\u0131 imha ettiklerini, saflar\u0131nda onlarcas\u0131n\u0131 \u00f6l\u00fc ve yaral\u0131 d\u00fc\u015f\u00fcrd\u00fcklerini s\u00f6yledi.<\/p>\n<p>Ordu birliklerimizin \u015eam k\u0131rsal\u0131n\u0131n g\u00fcneybat\u0131s\u0131 Beyt Sabir ve Beyt Tima k\u00f6ylerinde ter\u00f6ristlerin toplanma yerleri ve mevkilerini hedef ald\u0131klar\u0131n\u0131 belirten kaynak; \u00e7ok say\u0131da ter\u00f6risti \u00f6ld\u00fcr\u00fcp havzalar\u0131nda bulunan silah ve m\u00fchimmat\u0131n\u0131 imha ettiklerini s\u00f6zlerine ekledi.<\/p>\n<p><span style=\"color: #0000ff\">HOMS:<\/span><\/p>\n<p>Homs k\u0131rsal\u0131nda operasyonlar\u0131n\u0131 s\u00fcrd\u00fcren ordu birliklerimizden bir kaynak ise; Kuzey M\u015feyrfe K\u00f6y\u00fcnden Hattab K\u00f6y\u00fcne do\u011fru s\u0131zmaya \u00e7al\u0131\u015fan ter\u00f6ristlerle s\u0131cak temasta \u00e7ok say\u0131da ter\u00f6ristin \u00f6ld\u00fcr\u00fcld\u00fc\u011f\u00fcn\u00fc, Saan ve G\u00fcney Ayn Hasan K\u00f6y\u00fcnde de bir k\u0131s\u0131m ter\u00f6ristlerin etkisizle\u015ftirildi\u011fini belirtti.<\/p>\n<p>\u00c7at\u0131\u015fmalarda I\u015e\u0130D ve Nusra Cephesine ait siper, ara\u00e7 ve silahlar\u0131n imha edildi\u011fini aktaran kaynak; onlarca ter\u00f6ristin \u00f6ld\u00fcr\u00fcld\u00fc\u011f\u00fcn\u00fc, bir k\u0131sm\u0131n\u0131n da \u00a0ka\u00e7t\u0131\u011f\u0131n\u0131 s\u00f6yledi.<\/p>\n<p>Askeri kaynak g\u00fcn\u00fcn ilerleyen saatlerinde yapt\u0131\u011f\u0131 a\u00e7\u0131klamada hava g\u00fc\u00e7lerimizin Homs k\u0131rsal\u0131n\u0131n do\u011fusu Cezl Platformu civar\u0131nda I\u015e\u0130D tekfircilerinin ara\u00e7 konvoylar\u0131n\u0131 havaya u\u00e7urduklar\u0131n\u0131 belirtti. Kaynak operasyonda bir k\u0131sm\u0131 a\u011f\u0131r silahlarla donat\u0131lm\u0131\u015f onlarca arac\u0131n ta\u015f\u0131d\u0131klar\u0131 cephane ve \u00e7ok say\u0131da tekfirciyle imha edildiklerini aktard\u0131.<\/p>\n<p><span style=\"color: #0000ff\">HAMA :<\/span><\/p>\n<p>Askeri kaynak; Hama k\u0131rsal\u0131 Ukeyrbat, Kastal Vestani, Skik, Kefar Zeyta ve Maarkaba b\u00f6lgelerinde ise hava g\u00fc\u00e7lerimizin I\u015e\u0130D ve Nusra Cephesinin toplanma yerleri ve ara\u00e7lar\u0131n\u0131 imha ettiklerini s\u00f6yledi.<\/p>\n<p><span style=\"color: #0000ff\">\u0130DL\u0130B :<\/span><\/p>\n<p>Askeri kaynak; \u0130dlib iline tabi Cisre\u015f\u015fu\u011fur k\u0131rsal\u0131 Be\u015flamun Kav\u015fa\u011f\u0131na ilaveten Cennet el Kura ve Sahn k\u00f6ylerinde ise hava g\u00fc\u00e7lerimizin \u2018Fatih Ordusu\u2019nun hareketlenmelerini hedef ald\u0131klar\u0131n\u0131 ifade etti.<\/p>\n<p>Kaynak; operasyonlarda kanl\u0131 Erdo\u011fan rejimine ba\u011fl\u0131 ter\u00f6r \u00f6rg\u00fctlerinde onlarca ter\u00f6ristin \u00f6l\u00fc ve yaral\u0131 d\u00fc\u015f\u00fcr\u00fcl\u00fcp a\u011f\u0131r makineli silahlarla donat\u0131lm\u0131\u015f bir\u00e7ok ara\u00e7 imha edildi\u011fine dikkat \u00e7ekti.<\/p>\n<p>Kaynak; \u0130dlib k\u0131rsal\u0131n\u0131n do\u011fusu Ebu Zuhur B\u00f6lgesine d\u00fc\u015fen el Mecas K\u00f6y\u00fcnde ise hava g\u00fc\u00e7lerimizin Nusra Cephesinin yuva ve k\u00fcmelenme yerlerini muhtevalar\u0131yla imha ettiklerini aktard\u0131.<\/p>\n<p><span style=\"color: #0000ff\">HALEP:<\/span><\/p>\n<p>Askeri kaynak; ordu birliklerimizin Halep ve k\u0131rsal\u0131 Hava Akademisi\u2019nin civar\u0131, Beni Zeyd, Leyramon, E\u015frefiye, Kefar Hamra, Selahattin, Eski Halep, Han el Asel, Bostan el Pa\u015fa, S\u00fckkeri, Na\u2019nai, Hreytan, Birinci ve D\u00f6rd\u00fcnc\u00fc Ra\u015fidin b\u00f6lgelerinde ter\u00f6ristlerin yuva ve k\u00fcmelenme yerlerini imha ettiklerini s\u00f6yledi.<\/p>\n<p>Kaynak; operasyonlarda y\u00fcksek say\u0131da ter\u00f6ristin \u00f6l\u00fc ve yaral\u0131 d\u00fc\u015f\u00fcr\u00fcl\u00fcp ara\u00e7, cephane ve m\u00fchimmatlar\u0131n da imha edildi\u011fini aktard\u0131.<\/p>\n<p>\u00d6te yandan Halidiye ve Leyramon b\u00f6lgelerindeki fabrikalara sald\u0131ran ter\u00f6ristlerin b\u00fcy\u00fck bir k\u0131sm\u0131n\u0131 \u00f6l\u00fc yaral\u0131 d\u00fc\u015f\u00fcren ordu birliklerimiz; ter\u00f6ristlerin Halidiye Semti ve Nil Caddesine girme \u00e7abalar\u0131n\u0131 da \u00e7\u00f6kertti.<\/p>\n<p>S.\u015e &#8211; M.M. &#8211; A.A.<\/p>\n","protected":false},"excerpt":{"rendered":"<p>\u0130LLER \u2013 Suriye Arap ordusunda hava g\u00fc\u00e7lerimiz ve kara birliklerimiz \u00fclkenin muhtelif cephelerinde d\u0131\u015f destekli tekfirci ve hain ter\u00f6rist \u00f6rg\u00fctlere y\u00f6nelik operasyonlar\u0131n\u0131 t\u00fcm h\u0131z\u0131yla s\u00fcrd\u00fcr\u00fcrlerken, bug\u00fcn ter\u00f6ristlerin a\u011f\u0131r kay\u0131plar\u0131 da devam ediyor. DERA: Askeri kaynak SANA\u2019ya a\u00e7\u0131klamas\u0131nda, ordu birliklerimizin Dera do\u011fu k\u0131rsal\u0131nda S\u00fcveyda il s\u0131n\u0131rlar\u0131na yak\u0131n Um Veled K\u00f6y\u00fc \u00e7evresi ve Naime Beldesi Center\u2019in g\u00fcneydo\u011fusunda &hellip;<\/p>\n","protected":false},"author":1,"featured_media":37279,"comment_status":"closed","ping_status":"closed","sticky":false,"template":"","format":"standard","meta":{"footnotes":""},"categories":[575],"tags":[15253],"class_list":["post-37276","post","type-post","status-publish","format-standard","has-post-thumbnail","","category-olaylar-ve-gercekler","tag-sam-kirsalinda-toplanma-merkezleri-hedef-alindi-homs-ve-dera-kirsallarinda-onlarcasi-olu-dusuruldu"],"_links":{"self":[{"href":"https:\/\/archive.sana.sy\/tr\/index.php?rest_route=\/wp\/v2\/posts\/37276","targetHints":{"allow":["GET"]}}],"collection":[{"href":"https:\/\/archive.sana.sy\/tr\/index.php?rest_route=\/wp\/v2\/posts"}],"about":[{"href":"https:\/\/archive.sana.sy\/tr\/index.php?rest_route=\/wp\/v2\/types\/post"}],"author":[{"embeddable":true,"href":"https:\/\/archive.sana.sy\/tr\/index.php?rest_route=\/wp\/v2\/users\/1"}],"replies":[{"embeddable":true,"href":"https:\/\/archive.sana.sy\/tr\/index.php?rest_route=%2Fwp%2Fv2%2Fcomments&post=37276"}],"version-history":[{"count":0,"href":"https:\/\/archive.sana.sy\/tr\/index.php?rest_route=\/wp\/v2\/posts\/37276\/revisions"}],"wp:featuredmedia":[{"embeddable":true,"href":"https:\/\/archive.sana.sy\/tr\/index.php?rest_route=\/wp\/v2\/media\/37279"}],"wp:attachment":[{"href":"https:\/\/archive.sana.sy\/tr\/index.php?rest_route=%2Fwp%2Fv2%2Fmedia&parent=37276"}],"wp:term":[{"taxonomy":"category","embeddable":true,"href":"https:\/\/archive.sana.sy\/tr\/index.php?rest_route=%2Fwp%2Fv2%2Fcategories&post=37276"},{"taxonomy":"post_tag","embeddable":true,"href":"https:\/\/archive.sana.sy\/tr\/index.php?rest_route=%2Fwp%2Fv2%2Ftags&post=37276"}],"curies":[{"name":"wp","href":"https:\/\/api.w.org\/{rel}","templated":true}]}}