{"id":37281,"date":"2015-06-17T13:34:46","date_gmt":"2015-06-17T10:34:46","guid":{"rendered":"http:\/\/sana.sy\/tr\/?p=37281"},"modified":"2015-06-17T13:34:46","modified_gmt":"2015-06-17T10:34:46","slug":"askeri-kaynak-ordu-birliklerimizin-sam-kirsali-dogu-gutada-nessabiye-ve-hammuriye-cevresinde-tekfiri-teror-orgutlerine-ait-bir-havan-rampasi-ile-bir-toplarini-imha-ettiklerini-ve-saflarinda","status":"publish","type":"post","link":"https:\/\/archive.sana.sy\/tr\/?p=37281","title":{"rendered":"Askeri kaynak, ordu birliklerimizin \u015eam K\u0131rsal\u0131 Do\u011fu Guta\u2019da Ne\u015f\u015fabiye ve Hammuriye \u00e7evresinde tekfiri ter\u00f6r \u00f6rg\u00fctlerine ait bir havan rampas\u0131 ile bir toplar\u0131n\u0131 imha ettiklerini ve saflar\u0131nda onlarca \u00f6l\u00fc ve yaral\u0131 d\u00fc\u015f\u00fcrd\u00fcklerini s\u00f6yledi."},"content":{"rendered":"<p>Askeri kaynak, ordu birliklerimizin \u015eam K\u0131rsal\u0131 Do\u011fu Guta\u2019da Ne\u015f\u015fabiye ve Hammuriye \u00e7evresinde tekfiri ter\u00f6r \u00f6rg\u00fctlerine ait bir havan rampas\u0131 ile bir toplar\u0131n\u0131 imha ettiklerini ve saflar\u0131nda onlarca \u00f6l\u00fc ve yaral\u0131 d\u00fc\u015f\u00fcrd\u00fcklerini s\u00f6yledi.<\/p>\n","protected":false},"excerpt":{"rendered":"<p>Askeri kaynak, ordu birliklerimizin \u015eam K\u0131rsal\u0131 Do\u011fu Guta\u2019da Ne\u015f\u015fabiye ve Hammuriye \u00e7evresinde tekfiri ter\u00f6r \u00f6rg\u00fctlerine ait bir havan rampas\u0131 ile bir toplar\u0131n\u0131 imha ettiklerini ve saflar\u0131nda onlarca \u00f6l\u00fc ve yaral\u0131 d\u00fc\u015f\u00fcrd\u00fcklerini s\u00f6yledi.<\/p>\n","protected":false},"author":1,"featured_media":0,"comment_status":"closed","ping_status":"closed","sticky":false,"template":"","format":"standard","meta":{"footnotes":""},"categories":[1],"tags":[],"class_list":["post-37281","post","type-post","status-publish","format-standard","","category-news-not-sorted"],"_links":{"self":[{"href":"https:\/\/archive.sana.sy\/tr\/index.php?rest_route=\/wp\/v2\/posts\/37281","targetHints":{"allow":["GET"]}}],"collection":[{"href":"https:\/\/archive.sana.sy\/tr\/index.php?rest_route=\/wp\/v2\/posts"}],"about":[{"href":"https:\/\/archive.sana.sy\/tr\/index.php?rest_route=\/wp\/v2\/types\/post"}],"author":[{"embeddable":true,"href":"https:\/\/archive.sana.sy\/tr\/index.php?rest_route=\/wp\/v2\/users\/1"}],"replies":[{"embeddable":true,"href":"https:\/\/archive.sana.sy\/tr\/index.php?rest_route=%2Fwp%2Fv2%2Fcomments&post=37281"}],"version-history":[{"count":0,"href":"https:\/\/archive.sana.sy\/tr\/index.php?rest_route=\/wp\/v2\/posts\/37281\/revisions"}],"wp:attachment":[{"href":"https:\/\/archive.sana.sy\/tr\/index.php?rest_route=%2Fwp%2Fv2%2Fmedia&parent=37281"}],"wp:term":[{"taxonomy":"category","embeddable":true,"href":"https:\/\/archive.sana.sy\/tr\/index.php?rest_route=%2Fwp%2Fv2%2Fcategories&post=37281"},{"taxonomy":"post_tag","embeddable":true,"href":"https:\/\/archive.sana.sy\/tr\/index.php?rest_route=%2Fwp%2Fv2%2Ftags&post=37281"}],"curies":[{"name":"wp","href":"https:\/\/api.w.org\/{rel}","templated":true}]}}