{"id":3729,"date":"2014-06-24T00:54:05","date_gmt":"2014-06-23T21:54:05","guid":{"rendered":"http:\/\/www.sana.sy\/tr\/?p=3729"},"modified":"2014-06-24T23:25:23","modified_gmt":"2014-06-24T20:25:23","slug":"saldiri-israilin-teroristlere-direk-destegi-kapsaminda-dusmektedir","status":"publish","type":"post","link":"https:\/\/archive.sana.sy\/tr\/?p=3729","title":{"rendered":"Sald\u0131r\u0131 \u0130srail&#8217;in Ter\u00f6ristlere Direk Deste\u011fi Kapsam\u0131nda Ger\u00e7ekle\u015fmi\u015ftir"},"content":{"rendered":"<p>\u015eAM \u2013 D\u0131\u015fi\u015fleri ve Gurbet\u00e7iler Bakanl\u0131\u011f\u0131 \u0130srail&#8217;in Suriye topraklar\u0131 dahilinde bir k\u0131s\u0131m mevkilere bulundu\u011fu sald\u0131r\u0131 konusunda Birle\u015fmi\u015f Milletler genel sekreteri ve G\u00fcvenlik Konseyi ba\u015fkan\u0131na e\u015f iki mektup g\u00f6nderdi.<\/p>\n<p>Bakanl\u0131k SANA\u2019n\u0131n bir n\u00fcshas\u0131n\u0131 ald\u0131\u011f\u0131 s\u00f6zkonusu mektubunda; \u0130srail&#8217;in 1974 y\u0131l\u0131nda imzalanan g\u00fc\u00e7leri ay\u0131rma anla\u015fmas\u0131n\u0131n yan\u0131 s\u0131ra BM misak\u0131na ayk\u0131r\u0131 olarak \u0130srail&#8217;in 22\/06\/2014 Pazar g\u00fcn\u00fc ve 23\/06\/2014 Pazartesi g\u00fcn\u00fc Suriye Arap Cumhuriyeti topraklar\u0131 i\u00e7inde bir k\u0131s\u0131m mevkilere yeni bir sald\u0131r\u0131da bulundu\u011funa dikkat \u00e7ekti. \u0130srail&#8217;in bu sald\u0131r\u0131lar\u0131nda Suriye&#8217;de asayi\u015fi koruma g\u00fc\u00e7lerine tank ve havan toplar\u0131n\u0131n yan\u0131 s\u0131ra iki f\u00fcze sald\u0131r\u0131s\u0131nda bulundu\u011funu, ayr\u0131ca \u0130srailli 5 sava\u015f u\u00e7a\u011f\u0131n\u0131n sald\u0131r\u0131ya kat\u0131ld\u0131\u011f\u0131n\u0131 ifade eden Bakanl\u0131k; bu d\u00fc\u015fman sald\u0131r\u0131 neticesinde asayi\u015fi koruma g\u00fc\u00e7lerinden 4 eleman\u0131n \u015fehit, 9 eleman\u0131n da yaral\u0131 d\u00fc\u015ft\u00fcklerini belirtti. Bakanl\u0131k sald\u0131r\u0131ya u\u011frayan mevkilerde de b\u00fcy\u00fck maddi hasar\u0131n olu\u015ftu\u011funu ifade etti.<\/p>\n<p>\u0130srail&#8217;in s\u00f6z konusu sald\u0131r\u0131s\u0131na e\u015f zamanl\u0131 olarak silahl\u0131 ter\u00f6r gruplar\u0131n\u0131n ayn\u0131 mevkilere h\u0131r\u00e7\u0131n bir sald\u0131r\u0131da bulunduklar\u0131na dikkat \u00e7eken Bakanl\u0131k, mevkilerde bulunan asayi\u015fi koruma g\u00fc\u00e7lerinin sald\u0131rgan ter\u00f6ristleri geri p\u00fcsk\u00fcrtt\u00fc\u011f\u00fcn\u00fc belirtti.<\/p>\n<p>Bakanl\u0131k mektubunda \u0130srail&#8217;in bu sald\u0131r\u0131s\u0131n\u0131n; \u0130srail i\u015fgali alt\u0131ndaki Golan topraklar\u0131nda bulunan BM bar\u0131\u015f g\u00fc\u00e7lerinin operasyon odas\u0131nda mevcut bulunan BM genel sekreterinin bar\u0131\u015f\u0131 koruma vekili Herv\u00e9 Ladsous\u2019un g\u00f6zleri \u00f6n\u00fcnde cereyan etti\u011fine dikkat \u00e7ekerken BM bar\u0131\u015f g\u00fc\u00e7lerinin \u0130srail&#8217;in bu sald\u0131r\u0131s\u0131n\u0131 ba\u015ftan sona dek g\u00f6zlemledi\u011fine vurgu yapt\u0131.<\/p>\n<p>\u0130srail sald\u0131r\u0131s\u0131n\u0131n, asayi\u015fi koruma g\u00fc\u00e7lerinin g\u00fc\u00e7leri ay\u0131rma b\u00f6lgesinde bulunan silahl\u0131 ter\u00f6r gruplar\u0131n\u0131 say\u0131 ve te\u00e7hizatlar\u0131yla a\u011f\u0131r kay\u0131plara u\u011fratmas\u0131 ard\u0131ndan geldi\u011fine vurgu yapan Bakanl\u0131k; bu sald\u0131r\u0131n\u0131n, \u0130srail&#8217;in g\u00fc\u00e7leri ay\u0131rma b\u00f6lgesinde bulunan silahl\u0131 ter\u00f6r gruplar\u0131na direk ve s\u00fcrekli deste\u011fi kapsam\u0131nda geldi\u011fini belirtti.<\/p>\n<p>Bakanl\u0131k mektubunda bu sald\u0131r\u0131n\u0131n sadece g\u00fc\u00e7leri ay\u0131rma anla\u015fmas\u0131 ve BM misak\u0131na ayk\u0131r\u0131l\u0131k ve ihlal te\u015fkil etmedi\u011fine dikkat \u00e7ekerken; ayn\u0131 zamanda b\u00f6lgede bulunan BM \u00e7al\u0131\u015fanlar\u0131na da b\u00fcy\u00fck ve ciddi bir tehlike te\u015fkil etti\u011finin alt\u0131n\u0131 \u00e7izdi.<\/p>\n<p>Suriye h\u00fck\u00fcmetinin sald\u0131r\u0131ya ili\u015fkin ayr\u0131nt\u0131lar\u0131 BM ve g\u00fcvenlik konseyine aktard\u0131\u011f\u0131na dikkat \u00e7eken Bakanl\u0131k; G\u00fcvenlik Konseyinden kararlar\u0131n\u0131 yerine getirmede \u00fcst\u00fcne d\u00fc\u015fen sorumlulu\u011fu \u00fcstlenmesi ve sald\u0131r\u0131y\u0131 net bir \u015fekilde k\u0131namas\u0131n\u0131 talep etti.<\/p>\n","protected":false},"excerpt":{"rendered":"<p>\u015eAM \u2013 D\u0131\u015fi\u015fleri ve Gurbet\u00e7iler Bakanl\u0131\u011f\u0131 \u0130srail&#8217;in Suriye topraklar\u0131 dahilinde bir k\u0131s\u0131m mevkilere bulundu\u011fu sald\u0131r\u0131 konusunda Birle\u015fmi\u015f Milletler genel sekreteri ve G\u00fcvenlik Konseyi ba\u015fkan\u0131na e\u015f iki mektup g\u00f6nderdi. Bakanl\u0131k SANA\u2019n\u0131n bir n\u00fcshas\u0131n\u0131 ald\u0131\u011f\u0131 s\u00f6zkonusu mektubunda; \u0130srail&#8217;in 1974 y\u0131l\u0131nda imzalanan g\u00fc\u00e7leri ay\u0131rma anla\u015fmas\u0131n\u0131n yan\u0131 s\u0131ra BM misak\u0131na ayk\u0131r\u0131 olarak \u0130srail&#8217;in 22\/06\/2014 Pazar g\u00fcn\u00fc ve 23\/06\/2014 Pazartesi &hellip;<\/p>\n","protected":false},"author":1,"featured_media":3734,"comment_status":"closed","ping_status":"closed","sticky":false,"template":"","format":"standard","meta":{"footnotes":""},"categories":[479,447,478],"tags":[818,838],"class_list":["post-3729","post","type-post","status-publish","format-standard","has-post-thumbnail","","category-haberler-yerel","category-politika","category-yerel","tag-saldiri-israilin-teroristlere-direk-destegi-kapsaminda-dusmektedir","tag-saldiri-israilin-teroristlere-direk-destegi-kapsaminda-gerceklesmistir"],"_links":{"self":[{"href":"https:\/\/archive.sana.sy\/tr\/index.php?rest_route=\/wp\/v2\/posts\/3729","targetHints":{"allow":["GET"]}}],"collection":[{"href":"https:\/\/archive.sana.sy\/tr\/index.php?rest_route=\/wp\/v2\/posts"}],"about":[{"href":"https:\/\/archive.sana.sy\/tr\/index.php?rest_route=\/wp\/v2\/types\/post"}],"author":[{"embeddable":true,"href":"https:\/\/archive.sana.sy\/tr\/index.php?rest_route=\/wp\/v2\/users\/1"}],"replies":[{"embeddable":true,"href":"https:\/\/archive.sana.sy\/tr\/index.php?rest_route=%2Fwp%2Fv2%2Fcomments&post=3729"}],"version-history":[{"count":0,"href":"https:\/\/archive.sana.sy\/tr\/index.php?rest_route=\/wp\/v2\/posts\/3729\/revisions"}],"wp:featuredmedia":[{"embeddable":true,"href":"https:\/\/archive.sana.sy\/tr\/index.php?rest_route=\/wp\/v2\/media\/3734"}],"wp:attachment":[{"href":"https:\/\/archive.sana.sy\/tr\/index.php?rest_route=%2Fwp%2Fv2%2Fmedia&parent=3729"}],"wp:term":[{"taxonomy":"category","embeddable":true,"href":"https:\/\/archive.sana.sy\/tr\/index.php?rest_route=%2Fwp%2Fv2%2Fcategories&post=3729"},{"taxonomy":"post_tag","embeddable":true,"href":"https:\/\/archive.sana.sy\/tr\/index.php?rest_route=%2Fwp%2Fv2%2Ftags&post=3729"}],"curies":[{"name":"wp","href":"https:\/\/api.w.org\/{rel}","templated":true}]}}