{"id":3730,"date":"2014-06-24T00:51:31","date_gmt":"2014-06-23T21:51:31","guid":{"rendered":"http:\/\/www.sana.sy\/tr\/?p=3730"},"modified":"2014-06-24T15:14:23","modified_gmt":"2014-06-24T12:14:23","slug":"kimyasal-maddelerin-son-partisi-yurtdisina-cikarildi","status":"publish","type":"post","link":"https:\/\/archive.sana.sy\/tr\/?p=3730","title":{"rendered":"Kimyasal Maddelerin Son Partisi Yurtd\u0131\u015f\u0131na \u00c7\u0131kar\u0131ld\u0131"},"content":{"rendered":"<p>\u015eAM \u2013 D\u0131\u015fi\u015fleri ve Gurbet\u00e7iler Bakanl\u0131\u011f\u0131nda Kimyasal Silahlar\u0131n Yasaklanmas\u0131 Anla\u015fmas\u0131n\u0131n hayata ge\u00e7irilmesine ili\u015fkin ulusal komitede yetkili bir kaynak; Suriye&#8217;de bulunan kimyasal maddelerin son partisinin 23 Haziran Pazartesi g\u00fcn\u00fc Suriye Arap Cumhuriyet topraklar\u0131n\u0131n d\u0131\u015f\u0131na \u00e7\u0131kar\u0131ld\u0131\u011f\u0131n\u0131 a\u00e7\u0131klad\u0131.<\/p>\n<p>Kaynak SANA\u2019ya a\u00e7\u0131klamas\u0131nda; Suriye&#8217;nin Uluslararas\u0131 Kimyasal Silahlar\u0131 Yasaklama Anla\u015fmas\u0131n\u0131 imzalamas\u0131yla \u00fcst\u00fcne d\u00fc\u015fen t\u00fcm sorumluluk ve g\u00f6revleri mevcut zor g\u00fcvenlik durumlar\u0131na ra\u011fmen yerine getirdi\u011fini belirtti.<\/p>\n<p>Suriye&#8217;nin ter\u00f6r gruplar\u0131 ve destek\u00e7ileri taraf\u0131ndan vatan, halk ve ordu olarak hedef al\u0131nmas\u0131na ra\u011fmen bu b\u00fcy\u00fck \u00e7al\u0131\u015fmay\u0131 rekor bir zaman s\u00fcrecinde ilgili kurumlar\u0131n cebbar \u00e7abalar\u0131 neticesinde ba\u015fard\u0131\u011f\u0131na i\u015faret eden kaynak; t\u00fcm bunlar\u0131n Cumhurba\u015fkan\u0131 Be\u015f\u015far el Esad\u2019\u0131n kararl\u0131 siyasi iradesi ve Rusya Ba\u015fkan\u0131 Vladimir Putin\u2019in giri\u015fimi sayesinde oldu\u011funa dikkat \u00e7ekti.<\/p>\n","protected":false},"excerpt":{"rendered":"<p>\u015eAM \u2013 D\u0131\u015fi\u015fleri ve Gurbet\u00e7iler Bakanl\u0131\u011f\u0131nda Kimyasal Silahlar\u0131n Yasaklanmas\u0131 Anla\u015fmas\u0131n\u0131n hayata ge\u00e7irilmesine ili\u015fkin ulusal komitede yetkili bir kaynak; Suriye&#8217;de bulunan kimyasal maddelerin son partisinin 23 Haziran Pazartesi g\u00fcn\u00fc Suriye Arap Cumhuriyet topraklar\u0131n\u0131n d\u0131\u015f\u0131na \u00e7\u0131kar\u0131ld\u0131\u011f\u0131n\u0131 a\u00e7\u0131klad\u0131. Kaynak SANA\u2019ya a\u00e7\u0131klamas\u0131nda; Suriye&#8217;nin Uluslararas\u0131 Kimyasal Silahlar\u0131 Yasaklama Anla\u015fmas\u0131n\u0131 imzalamas\u0131yla \u00fcst\u00fcne d\u00fc\u015fen t\u00fcm sorumluluk ve g\u00f6revleri mevcut zor g\u00fcvenlik durumlar\u0131na &hellip;<\/p>\n","protected":false},"author":1,"featured_media":3731,"comment_status":"closed","ping_status":"closed","sticky":false,"template":"","format":"standard","meta":{"footnotes":""},"categories":[479,447,478],"tags":[817],"class_list":["post-3730","post","type-post","status-publish","format-standard","has-post-thumbnail","","category-haberler-yerel","category-politika","category-yerel","tag-kimyasal-maddelerin-son-partisi-yurtdisina-cikarildi"],"_links":{"self":[{"href":"https:\/\/archive.sana.sy\/tr\/index.php?rest_route=\/wp\/v2\/posts\/3730","targetHints":{"allow":["GET"]}}],"collection":[{"href":"https:\/\/archive.sana.sy\/tr\/index.php?rest_route=\/wp\/v2\/posts"}],"about":[{"href":"https:\/\/archive.sana.sy\/tr\/index.php?rest_route=\/wp\/v2\/types\/post"}],"author":[{"embeddable":true,"href":"https:\/\/archive.sana.sy\/tr\/index.php?rest_route=\/wp\/v2\/users\/1"}],"replies":[{"embeddable":true,"href":"https:\/\/archive.sana.sy\/tr\/index.php?rest_route=%2Fwp%2Fv2%2Fcomments&post=3730"}],"version-history":[{"count":0,"href":"https:\/\/archive.sana.sy\/tr\/index.php?rest_route=\/wp\/v2\/posts\/3730\/revisions"}],"wp:featuredmedia":[{"embeddable":true,"href":"https:\/\/archive.sana.sy\/tr\/index.php?rest_route=\/wp\/v2\/media\/3731"}],"wp:attachment":[{"href":"https:\/\/archive.sana.sy\/tr\/index.php?rest_route=%2Fwp%2Fv2%2Fmedia&parent=3730"}],"wp:term":[{"taxonomy":"category","embeddable":true,"href":"https:\/\/archive.sana.sy\/tr\/index.php?rest_route=%2Fwp%2Fv2%2Fcategories&post=3730"},{"taxonomy":"post_tag","embeddable":true,"href":"https:\/\/archive.sana.sy\/tr\/index.php?rest_route=%2Fwp%2Fv2%2Ftags&post=3730"}],"curies":[{"name":"wp","href":"https:\/\/api.w.org\/{rel}","templated":true}]}}