{"id":37347,"date":"2015-06-17T17:29:21","date_gmt":"2015-06-17T14:29:21","guid":{"rendered":"http:\/\/sana.sy\/tr\/?p=37347"},"modified":"2015-06-17T19:02:58","modified_gmt":"2015-06-17T16:02:58","slug":"suriyeliler-vatan-ve-hayir-severliklerini-kanitliyor","status":"publish","type":"post","link":"https:\/\/archive.sana.sy\/tr\/?p=37347","title":{"rendered":"Suriyeliler Vatan ve Hay\u0131r Severliklerini kan\u0131tl\u0131yor"},"content":{"rendered":"<p>\u015eAM \u2013 \u015eam\u2019da \u2018Vard\u0131k ve Var Olaca\u011f\u0131z\u2019 g\u00f6n\u00fcll\u00fc hay\u0131rsever ekibi Ramazan ay\u0131nda yoksul ve ihtiya\u00e7 sahiplerine yemek paketleri da\u011f\u0131tmay\u0131 ama\u00e7layan \u2018Ekmek K\u0131r\u0131nt\u0131s\u0131\u2019 slogan\u0131yla kampanya ba\u015flatt\u0131.<\/p>\n<p>Suriyelilerin hay\u0131rseverli\u011fini ve vatana ba\u011fl\u0131l\u0131klar\u0131n\u0131 kan\u0131tlayan kampanyaya haz\u0131rl\u0131k s\u00fcrecinde son bir haftada \u00e7ok say\u0131da g\u00f6n\u00fcll\u00fc \u00e7al\u0131\u015fmalara kat\u0131l\u0131rken, muhtelif kesimlerden ve b\u00f6lgelerden bol miktarda maddi destek kaydedildi.<\/p>\n<div id='gallery-1' class='gallery galleryid-37347 gallery-columns-3 gallery-size-thumbnail'><figure class='gallery-item'>\n\t\t\t<div class='gallery-icon landscape'>\n\t\t\t\t<a href='https:\/\/archive.sana.sy\/tr\/wp-content\/uploads\/2015\/06\/Suriyeliler-Vatan-ve-Hay\u0131r-Severliklerini-kan\u0131tl\u0131yor-7.jpg'><img loading=\"lazy\" decoding=\"async\" width=\"150\" height=\"80\" src=\"https:\/\/archive.sana.sy\/tr\/wp-content\/uploads\/2015\/06\/Suriyeliler-Vatan-ve-Hay\u0131r-Severliklerini-kan\u0131tl\u0131yor-7-150x80.jpg\" class=\"attachment-thumbnail size-thumbnail\" alt=\"\" srcset=\"https:\/\/archive.sana.sy\/tr\/wp-content\/uploads\/2015\/06\/Suriyeliler-Vatan-ve-Hay\u0131r-Severliklerini-kan\u0131tl\u0131yor-7-150x80.jpg 150w, https:\/\/archive.sana.sy\/tr\/wp-content\/uploads\/2015\/06\/Suriyeliler-Vatan-ve-Hay\u0131r-Severliklerini-kan\u0131tl\u0131yor-7-300x160.jpg 300w, https:\/\/archive.sana.sy\/tr\/wp-content\/uploads\/2015\/06\/Suriyeliler-Vatan-ve-Hay\u0131r-Severliklerini-kan\u0131tl\u0131yor-7.jpg 620w\" sizes=\"auto, (max-width: 150px) 100vw, 150px\" \/><\/a>\n\t\t\t<\/div><\/figure><figure class='gallery-item'>\n\t\t\t<div class='gallery-icon landscape'>\n\t\t\t\t<a href='https:\/\/archive.sana.sy\/tr\/wp-content\/uploads\/2015\/06\/Suriyeliler-Vatan-ve-Hay\u0131r-Severliklerini-kan\u0131tl\u0131yor-3.jpg'><img loading=\"lazy\" decoding=\"async\" width=\"150\" height=\"80\" src=\"https:\/\/archive.sana.sy\/tr\/wp-content\/uploads\/2015\/06\/Suriyeliler-Vatan-ve-Hay\u0131r-Severliklerini-kan\u0131tl\u0131yor-3-150x80.jpg\" class=\"attachment-thumbnail size-thumbnail\" alt=\"\" srcset=\"https:\/\/archive.sana.sy\/tr\/wp-content\/uploads\/2015\/06\/Suriyeliler-Vatan-ve-Hay\u0131r-Severliklerini-kan\u0131tl\u0131yor-3-150x80.jpg 150w, https:\/\/archive.sana.sy\/tr\/wp-content\/uploads\/2015\/06\/Suriyeliler-Vatan-ve-Hay\u0131r-Severliklerini-kan\u0131tl\u0131yor-3-300x160.jpg 300w, https:\/\/archive.sana.sy\/tr\/wp-content\/uploads\/2015\/06\/Suriyeliler-Vatan-ve-Hay\u0131r-Severliklerini-kan\u0131tl\u0131yor-3.jpg 620w\" sizes=\"auto, (max-width: 150px) 100vw, 150px\" \/><\/a>\n\t\t\t<\/div><\/figure><figure class='gallery-item'>\n\t\t\t<div class='gallery-icon landscape'>\n\t\t\t\t<a href='https:\/\/archive.sana.sy\/tr\/wp-content\/uploads\/2015\/06\/Suriyeliler-Vatan-ve-Hay\u0131r-Severliklerini-kan\u0131tl\u0131yor-4.jpg'><img loading=\"lazy\" decoding=\"async\" width=\"150\" height=\"80\" src=\"https:\/\/archive.sana.sy\/tr\/wp-content\/uploads\/2015\/06\/Suriyeliler-Vatan-ve-Hay\u0131r-Severliklerini-kan\u0131tl\u0131yor-4-150x80.jpg\" class=\"attachment-thumbnail size-thumbnail\" alt=\"\" srcset=\"https:\/\/archive.sana.sy\/tr\/wp-content\/uploads\/2015\/06\/Suriyeliler-Vatan-ve-Hay\u0131r-Severliklerini-kan\u0131tl\u0131yor-4-150x80.jpg 150w, https:\/\/archive.sana.sy\/tr\/wp-content\/uploads\/2015\/06\/Suriyeliler-Vatan-ve-Hay\u0131r-Severliklerini-kan\u0131tl\u0131yor-4-300x160.jpg 300w, https:\/\/archive.sana.sy\/tr\/wp-content\/uploads\/2015\/06\/Suriyeliler-Vatan-ve-Hay\u0131r-Severliklerini-kan\u0131tl\u0131yor-4.jpg 620w\" sizes=\"auto, (max-width: 150px) 100vw, 150px\" \/><\/a>\n\t\t\t<\/div><\/figure><figure class='gallery-item'>\n\t\t\t<div class='gallery-icon landscape'>\n\t\t\t\t<a href='https:\/\/archive.sana.sy\/tr\/wp-content\/uploads\/2015\/06\/Suriyeliler-Vatan-ve-Hay\u0131r-Severliklerini-kan\u0131tl\u0131yor-5.jpg'><img loading=\"lazy\" decoding=\"async\" width=\"150\" height=\"80\" src=\"https:\/\/archive.sana.sy\/tr\/wp-content\/uploads\/2015\/06\/Suriyeliler-Vatan-ve-Hay\u0131r-Severliklerini-kan\u0131tl\u0131yor-5-150x80.jpg\" class=\"attachment-thumbnail size-thumbnail\" alt=\"\" srcset=\"https:\/\/archive.sana.sy\/tr\/wp-content\/uploads\/2015\/06\/Suriyeliler-Vatan-ve-Hay\u0131r-Severliklerini-kan\u0131tl\u0131yor-5-150x80.jpg 150w, https:\/\/archive.sana.sy\/tr\/wp-content\/uploads\/2015\/06\/Suriyeliler-Vatan-ve-Hay\u0131r-Severliklerini-kan\u0131tl\u0131yor-5-300x160.jpg 300w, https:\/\/archive.sana.sy\/tr\/wp-content\/uploads\/2015\/06\/Suriyeliler-Vatan-ve-Hay\u0131r-Severliklerini-kan\u0131tl\u0131yor-5.jpg 620w\" sizes=\"auto, (max-width: 150px) 100vw, 150px\" \/><\/a>\n\t\t\t<\/div><\/figure><figure class='gallery-item'>\n\t\t\t<div class='gallery-icon landscape'>\n\t\t\t\t<a href='https:\/\/archive.sana.sy\/tr\/wp-content\/uploads\/2015\/06\/Suriyeliler-Vatan-ve-Hay\u0131r-Severliklerini-kan\u0131tl\u0131yor-6.jpg'><img loading=\"lazy\" decoding=\"async\" width=\"150\" height=\"80\" src=\"https:\/\/archive.sana.sy\/tr\/wp-content\/uploads\/2015\/06\/Suriyeliler-Vatan-ve-Hay\u0131r-Severliklerini-kan\u0131tl\u0131yor-6-150x80.jpg\" class=\"attachment-thumbnail size-thumbnail\" alt=\"\" srcset=\"https:\/\/archive.sana.sy\/tr\/wp-content\/uploads\/2015\/06\/Suriyeliler-Vatan-ve-Hay\u0131r-Severliklerini-kan\u0131tl\u0131yor-6-150x80.jpg 150w, https:\/\/archive.sana.sy\/tr\/wp-content\/uploads\/2015\/06\/Suriyeliler-Vatan-ve-Hay\u0131r-Severliklerini-kan\u0131tl\u0131yor-6-300x160.jpg 300w, https:\/\/archive.sana.sy\/tr\/wp-content\/uploads\/2015\/06\/Suriyeliler-Vatan-ve-Hay\u0131r-Severliklerini-kan\u0131tl\u0131yor-6.jpg 620w\" sizes=\"auto, (max-width: 150px) 100vw, 150px\" \/><\/a>\n\t\t\t<\/div><\/figure><figure class='gallery-item'>\n\t\t\t<div class='gallery-icon landscape'>\n\t\t\t\t<a href='https:\/\/archive.sana.sy\/tr\/wp-content\/uploads\/2015\/06\/Suriyeliler-Vatan-ve-Hay\u0131r-Severliklerini-kan\u0131tl\u0131yor-1.jpg'><img loading=\"lazy\" decoding=\"async\" width=\"150\" height=\"80\" src=\"https:\/\/archive.sana.sy\/tr\/wp-content\/uploads\/2015\/06\/Suriyeliler-Vatan-ve-Hay\u0131r-Severliklerini-kan\u0131tl\u0131yor-1-150x80.jpg\" class=\"attachment-thumbnail size-thumbnail\" alt=\"\" srcset=\"https:\/\/archive.sana.sy\/tr\/wp-content\/uploads\/2015\/06\/Suriyeliler-Vatan-ve-Hay\u0131r-Severliklerini-kan\u0131tl\u0131yor-1-150x80.jpg 150w, https:\/\/archive.sana.sy\/tr\/wp-content\/uploads\/2015\/06\/Suriyeliler-Vatan-ve-Hay\u0131r-Severliklerini-kan\u0131tl\u0131yor-1-300x160.jpg 300w, https:\/\/archive.sana.sy\/tr\/wp-content\/uploads\/2015\/06\/Suriyeliler-Vatan-ve-Hay\u0131r-Severliklerini-kan\u0131tl\u0131yor-1.jpg 620w\" sizes=\"auto, (max-width: 150px) 100vw, 150px\" \/><\/a>\n\t\t\t<\/div><\/figure>\n\t\t<\/div>\n\n<p>https:\/\/www.youtube.com\/watch?v=Sw8WyZiNqH8<\/p>\n<p>A.A. &#8211; M.M.<\/p>\n","protected":false},"excerpt":{"rendered":"<p>\u015eAM \u2013 \u015eam\u2019da \u2018Vard\u0131k ve Var Olaca\u011f\u0131z\u2019 g\u00f6n\u00fcll\u00fc hay\u0131rsever ekibi Ramazan ay\u0131nda yoksul ve ihtiya\u00e7 sahiplerine yemek paketleri da\u011f\u0131tmay\u0131 ama\u00e7layan \u2018Ekmek K\u0131r\u0131nt\u0131s\u0131\u2019 slogan\u0131yla kampanya ba\u015flatt\u0131. Suriyelilerin hay\u0131rseverli\u011fini ve vatana ba\u011fl\u0131l\u0131klar\u0131n\u0131 kan\u0131tlayan kampanyaya haz\u0131rl\u0131k s\u00fcrecinde son bir haftada \u00e7ok say\u0131da g\u00f6n\u00fcll\u00fc \u00e7al\u0131\u015fmalara kat\u0131l\u0131rken, muhtelif kesimlerden ve b\u00f6lgelerden bol miktarda maddi destek kaydedildi. https:\/\/www.youtube.com\/watch?v=Sw8WyZiNqH8 A.A. &#8211; M.M.<\/p>\n","protected":false},"author":1,"featured_media":37354,"comment_status":"closed","ping_status":"closed","sticky":false,"template":"","format":"standard","meta":{"footnotes":""},"categories":[596,479,478],"tags":[15264],"class_list":["post-37347","post","type-post","status-publish","format-standard","has-post-thumbnail","","category-fotografli-raporlar","category-haberler-yerel","category-yerel","tag-suriyeliler-vatan-ve-hayir-severliklerini-kanitliyor"],"_links":{"self":[{"href":"https:\/\/archive.sana.sy\/tr\/index.php?rest_route=\/wp\/v2\/posts\/37347","targetHints":{"allow":["GET"]}}],"collection":[{"href":"https:\/\/archive.sana.sy\/tr\/index.php?rest_route=\/wp\/v2\/posts"}],"about":[{"href":"https:\/\/archive.sana.sy\/tr\/index.php?rest_route=\/wp\/v2\/types\/post"}],"author":[{"embeddable":true,"href":"https:\/\/archive.sana.sy\/tr\/index.php?rest_route=\/wp\/v2\/users\/1"}],"replies":[{"embeddable":true,"href":"https:\/\/archive.sana.sy\/tr\/index.php?rest_route=%2Fwp%2Fv2%2Fcomments&post=37347"}],"version-history":[{"count":0,"href":"https:\/\/archive.sana.sy\/tr\/index.php?rest_route=\/wp\/v2\/posts\/37347\/revisions"}],"wp:featuredmedia":[{"embeddable":true,"href":"https:\/\/archive.sana.sy\/tr\/index.php?rest_route=\/wp\/v2\/media\/37354"}],"wp:attachment":[{"href":"https:\/\/archive.sana.sy\/tr\/index.php?rest_route=%2Fwp%2Fv2%2Fmedia&parent=37347"}],"wp:term":[{"taxonomy":"category","embeddable":true,"href":"https:\/\/archive.sana.sy\/tr\/index.php?rest_route=%2Fwp%2Fv2%2Fcategories&post=37347"},{"taxonomy":"post_tag","embeddable":true,"href":"https:\/\/archive.sana.sy\/tr\/index.php?rest_route=%2Fwp%2Fv2%2Ftags&post=37347"}],"curies":[{"name":"wp","href":"https:\/\/api.w.org\/{rel}","templated":true}]}}