{"id":37366,"date":"2015-06-17T18:56:08","date_gmt":"2015-06-17T15:56:08","guid":{"rendered":"http:\/\/sana.sy\/tr\/?p=37366"},"modified":"2015-06-18T15:17:06","modified_gmt":"2015-06-18T12:17:06","slug":"halaki-arap-topraklarinin-zenginliklerini-gasp-isteyen-yeni-osmanlilara-karsi-dikkatli-olunmali","status":"publish","type":"post","link":"https:\/\/archive.sana.sy\/tr\/?p=37366","title":{"rendered":"Halaki: Arap Topraklar\u0131n\u0131n Zenginliklerini Gasp Etmek \u0130steyen Yeni Osmanl\u0131lara Kar\u015f\u0131 Dikkatli Olunmal\u0131"},"content":{"rendered":"<p>\u015eAM \u2013 Ba\u015fbakan Vail el Halaki, Irak Su Kaynaklar\u0131 Bakan\u0131 Muhsin el \u015eumri ile bir araya gelerek iki \u00fclke aras\u0131ndaki i\u015fbirli\u011fi ve dostlu\u011fu geli\u015ftirme ve aktifle\u015ftirme y\u00f6ntemlerini inceledi.<\/p>\n<p>Suriye ve Irak halklar\u0131 aras\u0131ndaki karde\u015flik ba\u011flar\u0131n\u0131n siyasi, ekonomik, ticari ve kalk\u0131nma alanlar\u0131ndaki ili\u015fki ve i\u015fbirli\u011fi d\u00fczeylerinin y\u00fckselmesini gerektirdi\u011fine i\u015faret eden Halaki, iki \u00fclkenin g\u00fcvenlik ve istikrar\u0131n\u0131 g\u00fc\u00e7lendirecek yeni d\u00fczenlemeler yap\u0131lmas\u0131 gere\u011finin alt\u0131n\u0131 \u00e7izdi.<\/p>\n<p><a href=\"http:\/\/sana.sy\/tr\/wp-content\/uploads\/2015\/06\/Halaki-14.jpg\"><img loading=\"lazy\" decoding=\"async\" class=\"alignright wp-image-37370 size-medium\" src=\"http:\/\/sana.sy\/tr\/wp-content\/uploads\/2015\/06\/Halaki-14-300x190.jpg\" alt=\"Halaki 1\" width=\"300\" height=\"190\" srcset=\"https:\/\/archive.sana.sy\/tr\/wp-content\/uploads\/2015\/06\/Halaki-14-300x190.jpg 300w, https:\/\/archive.sana.sy\/tr\/wp-content\/uploads\/2015\/06\/Halaki-14-150x95.jpg 150w, https:\/\/archive.sana.sy\/tr\/wp-content\/uploads\/2015\/06\/Halaki-14.jpg 1000w\" sizes=\"auto, (max-width: 300px) 100vw, 300px\" \/><\/a>ABD, \u0130srail ve T\u00fcrkiye gibi devletlerden finans, lojistik ve askeri destek alarak Suriye ve Irak\u2019\u0131 vuran ter\u00f6re kar\u015f\u0131 iki \u00fclkenin de g\u00fcvenli\u011fini g\u00fc\u00e7lendirmesi gere\u011fi \u00fczerinde duran Halaki, Siyonist-Amerikan projelerin b\u00f6lgedeki uygulay\u0131c\u0131lar\u0131na korunma kalkan\u0131n\u0131 g\u00fc\u00e7lendirmenin \u00f6nemini vurgulad\u0131.<\/p>\n<p>Tayyip Erdo\u011fan \u00f6nc\u00fcl\u00fc\u011f\u00fcnde Arap topraklar\u0131n\u0131 hedef alan yeni Osmanl\u0131c\u0131lar\u0131n b\u00f6lge kaynaklar\u0131n\u0131 ve zenginli\u011fini gasp etme planlar\u0131na kar\u015f\u0131 dikkatli olunmas\u0131 gerekti\u011fini ifade eden Halaki, Suriye ve Irak\u2019\u0131n F\u0131rat nehri sular\u0131nda tabii ve hukuki haklar\u0131 bulundu\u011funu T\u00fcrkiye\u2019nin bu sular\u0131 egemenli\u011fi alt\u0131na alma hakk\u0131 bulunmad\u0131\u011f\u0131n\u0131 ibraz etti.<\/p>\n<p>T\u00fcrkiye\u2019nin F\u0131rat nehrindeki sularla ilgili uluslararas\u0131 kanunlara uymas\u0131 gere\u011finin alt\u0131n\u0131 \u00e7izen Halaki, b\u00f6lgedeki kurakl\u0131k probleminin F\u0131rat nehrindeki sular\u0131n tabii hak sahiplerinin kullan\u0131m\u0131na a\u00e7\u0131lmas\u0131yla giderilebilece\u011fini belirterek bu alanda iki \u00fclke aras\u0131ndaki i\u015fbirli\u011finin g\u00fc\u00e7lendirilmesinin \u00f6nemini vurgulad\u0131.<br \/>\n\u00d6te yandan Irak H\u00fck\u00fcmetinin Suriye ile i\u015fbirli\u011fini g\u00fc\u00e7lendirmeye \u00f6nem verdi\u011fini dile getiren \u015eumri, Suriye ve Irak halklar\u0131n\u0131n ter\u00f6r\u00fc hezimete u\u011fratacak iradeye sahip olduklar\u0131n\u0131 belirtti.<\/p>\n<p>Irak Ba\u015fbakan\u0131 Haydar el \u0130badi\u2019nin; Irak h\u00fck\u00fcmetinin Suriye ile g\u00fcvenlik ve askeri koordinasyonu g\u00fc\u00e7lendirmekle ilgili iste\u011fine ili\u015fkin mesaj\u0131n\u0131 Halaki\u2019ye ileten \u015eumri, Suriye ve Irak\u2019\u0131n ayn\u0131 d\u00fc\u015fmana kar\u015f\u0131 sava\u015ft\u0131klar\u0131n\u0131n alt\u0131n\u0131 \u00e7izdi.<\/p>\n<p>F.B. &#8211; M.M.<\/p>\n","protected":false},"excerpt":{"rendered":"<p>\u015eAM \u2013 Ba\u015fbakan Vail el Halaki, Irak Su Kaynaklar\u0131 Bakan\u0131 Muhsin el \u015eumri ile bir araya gelerek iki \u00fclke aras\u0131ndaki i\u015fbirli\u011fi ve dostlu\u011fu geli\u015ftirme ve aktifle\u015ftirme y\u00f6ntemlerini inceledi. Suriye ve Irak halklar\u0131 aras\u0131ndaki karde\u015flik ba\u011flar\u0131n\u0131n siyasi, ekonomik, ticari ve kalk\u0131nma alanlar\u0131ndaki ili\u015fki ve i\u015fbirli\u011fi d\u00fczeylerinin y\u00fckselmesini gerektirdi\u011fine i\u015faret eden Halaki, iki \u00fclkenin g\u00fcvenlik ve istikrar\u0131n\u0131 &hellip;<\/p>\n","protected":false},"author":1,"featured_media":37368,"comment_status":"closed","ping_status":"closed","sticky":false,"template":"","format":"standard","meta":{"footnotes":""},"categories":[485,479,486,2554,2555,478],"tags":[15265],"class_list":["post-37366","post","type-post","status-publish","format-standard","has-post-thumbnail","","category-is-ve-sermaye","category-haberler-yerel","category-haberler-is-ve-sermaye","category-suriye-ve-dunya","category-suriye-ve-turkiye","category-yerel","tag-halaki-arap-topraklarinin-zenginliklerini-gasp-isteyen-yeni-osmanlilara-karsi-dikkatli-olunmali"],"_links":{"self":[{"href":"https:\/\/archive.sana.sy\/tr\/index.php?rest_route=\/wp\/v2\/posts\/37366","targetHints":{"allow":["GET"]}}],"collection":[{"href":"https:\/\/archive.sana.sy\/tr\/index.php?rest_route=\/wp\/v2\/posts"}],"about":[{"href":"https:\/\/archive.sana.sy\/tr\/index.php?rest_route=\/wp\/v2\/types\/post"}],"author":[{"embeddable":true,"href":"https:\/\/archive.sana.sy\/tr\/index.php?rest_route=\/wp\/v2\/users\/1"}],"replies":[{"embeddable":true,"href":"https:\/\/archive.sana.sy\/tr\/index.php?rest_route=%2Fwp%2Fv2%2Fcomments&post=37366"}],"version-history":[{"count":0,"href":"https:\/\/archive.sana.sy\/tr\/index.php?rest_route=\/wp\/v2\/posts\/37366\/revisions"}],"wp:featuredmedia":[{"embeddable":true,"href":"https:\/\/archive.sana.sy\/tr\/index.php?rest_route=\/wp\/v2\/media\/37368"}],"wp:attachment":[{"href":"https:\/\/archive.sana.sy\/tr\/index.php?rest_route=%2Fwp%2Fv2%2Fmedia&parent=37366"}],"wp:term":[{"taxonomy":"category","embeddable":true,"href":"https:\/\/archive.sana.sy\/tr\/index.php?rest_route=%2Fwp%2Fv2%2Fcategories&post=37366"},{"taxonomy":"post_tag","embeddable":true,"href":"https:\/\/archive.sana.sy\/tr\/index.php?rest_route=%2Fwp%2Fv2%2Ftags&post=37366"}],"curies":[{"name":"wp","href":"https:\/\/api.w.org\/{rel}","templated":true}]}}