{"id":37373,"date":"2015-06-17T20:00:16","date_gmt":"2015-06-17T17:00:16","guid":{"rendered":"http:\/\/sana.sy\/tr\/?p=37373"},"modified":"2015-06-18T20:05:40","modified_gmt":"2015-06-18T17:05:40","slug":"siyo-amerikan-planlara-karsi-omuz-omuza-kalacagiz","status":"publish","type":"post","link":"https:\/\/archive.sana.sy\/tr\/?p=37373","title":{"rendered":"Siyo-Amerikan Planlara Kar\u015f\u0131 Omuz Omuza Kalaca\u011f\u0131z"},"content":{"rendered":"<p>\u015eAM KIRSALI \u2013 Ordu ve Silahl\u0131 Kuvvetler Genel Komutan\u0131 Orgeneral Be\u015f\u015far el Esad\u2019\u0131n direktifleri do\u011frultusunda Genelkurmay Ba\u015fkan\u0131 Korgeneral Ali Abdullah Eyy\u00fcp bug\u00fcn genel komutanl\u0131kta \u00fcst d\u00fczey subay ve generallerin refakatinde \u015eam k\u0131rsal\u0131 Kalemun B\u00f6lgesinde ter\u00f6re kar\u015f\u0131 m\u00fccadele veren ordu birliklerimiz ve L\u00fcbnan direni\u015f g\u00fc\u00e7lerinin mevkilerine saha gezisinde bulundu.<\/p>\n<p><a href=\"http:\/\/sana.sy\/tr\/wp-content\/uploads\/2015\/06\/Eyy\u00fcp.jpg\"><img loading=\"lazy\" decoding=\"async\" class=\"alignright wp-image-37375 size-medium\" src=\"http:\/\/sana.sy\/tr\/wp-content\/uploads\/2015\/06\/Eyy\u00fcp-300x243.jpg\" alt=\"Eyy\u00fcp\" width=\"300\" height=\"243\" srcset=\"https:\/\/archive.sana.sy\/tr\/wp-content\/uploads\/2015\/06\/Eyy\u00fcp-300x243.jpg 300w, https:\/\/archive.sana.sy\/tr\/wp-content\/uploads\/2015\/06\/Eyy\u00fcp-150x122.jpg 150w, https:\/\/archive.sana.sy\/tr\/wp-content\/uploads\/2015\/06\/Eyy\u00fcp.jpg 1000w\" sizes=\"auto, (max-width: 300px) 100vw, 300px\" \/><\/a>B\u00f6lgedeki operasyon durumlar\u0131 ve sa\u011flanan ba\u015far\u0131lar hakk\u0131nda saha komutanlar\u0131ndan bilgi alan genelkurmay ba\u015fkan\u0131; kahraman ordu birliklerimiz ve direni\u015f g\u00fc\u00e7lerinin ter\u00f6re kar\u015f\u0131 m\u00fccadeledeki \u00fcst\u00fcn performanslar\u0131n\u0131n takdire \u015fayan oldu\u011funu ifade etti.<\/p>\n<p>Genelkurmay Ba\u015fkan\u0131 Korgeneral Eyy\u00fcp Suriye ordusu ve direni\u015f g\u00fc\u00e7lerinin Siyo-Amerikan planlar\u0131 ve bu planlar\u0131 hayata ge\u00e7irmede kullan\u0131lan edatlara kar\u015f\u0131 omuz omuza saf birli\u011finde kalaca\u011f\u0131n\u0131n alt\u0131n\u0131 \u00e7izdi.<\/p>\n<p>Saha komutanlar\u0131 ise b\u00f6lge ve halklar\u0131n\u0131 hedef alan d\u00fc\u015fman\u0131n bir olmas\u0131yla Suriye ordusu ve L\u00fcbnan ulusal direni\u015f g\u00fc\u00e7lerinin ayn\u0131 hedef u\u011fruna ayn\u0131 hendekte yer ald\u0131klar\u0131n\u0131 belirtti.<\/p>\n<p>Vatan koruyucular\u0131 askerlerimiz ve direni\u015f militanlar\u0131 da tekfirci ve vatan hainleri ter\u00f6r \u00e7etelerinin halk\u0131n ya\u015fam iradelerini k\u0131ramayacaklar\u0131n\u0131, hak ve onur sava\u015f\u0131nda bu \u00e7etelerin bertaraf olmaktan ba\u015fka hi\u00e7bir se\u00e7enekleri olmad\u0131\u011f\u0131n\u0131n alt\u0131n\u0131 \u00e7izdi.<\/p>\n<div id='gallery-1' class='gallery galleryid-37373 gallery-columns-2 gallery-size-medium'><figure class='gallery-item'>\n\t\t\t<div class='gallery-icon landscape'>\n\t\t\t\t<a href='https:\/\/archive.sana.sy\/tr\/wp-content\/uploads\/2015\/06\/Eyy\u00fcp-3.jpg'><img loading=\"lazy\" decoding=\"async\" width=\"300\" height=\"237\" src=\"https:\/\/archive.sana.sy\/tr\/wp-content\/uploads\/2015\/06\/Eyy\u00fcp-3-300x237.jpg\" class=\"attachment-medium size-medium\" alt=\"\" srcset=\"https:\/\/archive.sana.sy\/tr\/wp-content\/uploads\/2015\/06\/Eyy\u00fcp-3-300x237.jpg 300w, https:\/\/archive.sana.sy\/tr\/wp-content\/uploads\/2015\/06\/Eyy\u00fcp-3-150x119.jpg 150w, https:\/\/archive.sana.sy\/tr\/wp-content\/uploads\/2015\/06\/Eyy\u00fcp-3.jpg 1000w\" sizes=\"auto, (max-width: 300px) 100vw, 300px\" \/><\/a>\n\t\t\t<\/div><\/figure><figure class='gallery-item'>\n\t\t\t<div class='gallery-icon landscape'>\n\t\t\t\t<a href='https:\/\/archive.sana.sy\/tr\/wp-content\/uploads\/2015\/06\/Eyy\u00fcp-1.jpg'><img loading=\"lazy\" decoding=\"async\" width=\"300\" height=\"199\" src=\"https:\/\/archive.sana.sy\/tr\/wp-content\/uploads\/2015\/06\/Eyy\u00fcp-1-300x199.jpg\" class=\"attachment-medium size-medium\" alt=\"\" srcset=\"https:\/\/archive.sana.sy\/tr\/wp-content\/uploads\/2015\/06\/Eyy\u00fcp-1-300x199.jpg 300w, https:\/\/archive.sana.sy\/tr\/wp-content\/uploads\/2015\/06\/Eyy\u00fcp-1-150x100.jpg 150w, https:\/\/archive.sana.sy\/tr\/wp-content\/uploads\/2015\/06\/Eyy\u00fcp-1.jpg 1000w\" sizes=\"auto, (max-width: 300px) 100vw, 300px\" \/><\/a>\n\t\t\t<\/div><\/figure>\n\t\t<\/div>\n\n<p>https:\/\/www.youtube.com\/watch?v=sCdegmln9u8<\/p>\n<p>A.A. &#8211; M.M.<\/p>\n","protected":false},"excerpt":{"rendered":"<p>\u015eAM KIRSALI \u2013 Ordu ve Silahl\u0131 Kuvvetler Genel Komutan\u0131 Orgeneral Be\u015f\u015far el Esad\u2019\u0131n direktifleri do\u011frultusunda Genelkurmay Ba\u015fkan\u0131 Korgeneral Ali Abdullah Eyy\u00fcp bug\u00fcn genel komutanl\u0131kta \u00fcst d\u00fczey subay ve generallerin refakatinde \u015eam k\u0131rsal\u0131 Kalemun B\u00f6lgesinde ter\u00f6re kar\u015f\u0131 m\u00fccadele veren ordu birliklerimiz ve L\u00fcbnan direni\u015f g\u00fc\u00e7lerinin mevkilerine saha gezisinde bulundu. B\u00f6lgedeki operasyon durumlar\u0131 ve sa\u011flanan ba\u015far\u0131lar hakk\u0131nda &hellip;<\/p>\n","protected":false},"author":1,"featured_media":37378,"comment_status":"closed","ping_status":"closed","sticky":false,"template":"","format":"standard","meta":{"footnotes":""},"categories":[479,575,478],"tags":[15266],"class_list":["post-37373","post","type-post","status-publish","format-standard","has-post-thumbnail","","category-haberler-yerel","category-olaylar-ve-gercekler","category-yerel","tag-siyo-amerikan-planlara-karsi-omuz-omuza-kalacagiz"],"_links":{"self":[{"href":"https:\/\/archive.sana.sy\/tr\/index.php?rest_route=\/wp\/v2\/posts\/37373","targetHints":{"allow":["GET"]}}],"collection":[{"href":"https:\/\/archive.sana.sy\/tr\/index.php?rest_route=\/wp\/v2\/posts"}],"about":[{"href":"https:\/\/archive.sana.sy\/tr\/index.php?rest_route=\/wp\/v2\/types\/post"}],"author":[{"embeddable":true,"href":"https:\/\/archive.sana.sy\/tr\/index.php?rest_route=\/wp\/v2\/users\/1"}],"replies":[{"embeddable":true,"href":"https:\/\/archive.sana.sy\/tr\/index.php?rest_route=%2Fwp%2Fv2%2Fcomments&post=37373"}],"version-history":[{"count":0,"href":"https:\/\/archive.sana.sy\/tr\/index.php?rest_route=\/wp\/v2\/posts\/37373\/revisions"}],"wp:featuredmedia":[{"embeddable":true,"href":"https:\/\/archive.sana.sy\/tr\/index.php?rest_route=\/wp\/v2\/media\/37378"}],"wp:attachment":[{"href":"https:\/\/archive.sana.sy\/tr\/index.php?rest_route=%2Fwp%2Fv2%2Fmedia&parent=37373"}],"wp:term":[{"taxonomy":"category","embeddable":true,"href":"https:\/\/archive.sana.sy\/tr\/index.php?rest_route=%2Fwp%2Fv2%2Fcategories&post=37373"},{"taxonomy":"post_tag","embeddable":true,"href":"https:\/\/archive.sana.sy\/tr\/index.php?rest_route=%2Fwp%2Fv2%2Ftags&post=37373"}],"curies":[{"name":"wp","href":"https:\/\/api.w.org\/{rel}","templated":true}]}}