{"id":37460,"date":"2015-06-18T15:40:41","date_gmt":"2015-06-18T12:40:41","guid":{"rendered":"http:\/\/sana.sy\/tr\/?p=37460"},"modified":"2015-06-18T15:42:15","modified_gmt":"2015-06-18T12:42:15","slug":"seyitten-askerlere-tekfirci-terore-karsi-savasan-allahin-askerlerisiniz","status":"publish","type":"post","link":"https:\/\/archive.sana.sy\/tr\/?p=37460","title":{"rendered":"Seyit\u2019ten Askerlere: Tekfirci Ter\u00f6re Kar\u015f\u0131 Sava\u015fan Allah\u2019\u0131n Askerlerisiniz"},"content":{"rendered":"<p>\u015eAM \u2013 Vak\u0131flar Bakan\u0131 Muhammed Abd\u00fcssettar el Seyit Siyonizm ve ta\u015feronlar\u0131n\u0131n edatlar\u0131 olan tekfirciler ve ter\u00f6r \u00f6rg\u00fctlerin kirlettikleri topraklar\u0131 temizleme, kutsal mekanlara sald\u0131r\u0131lara son verme, kad\u0131n \u00e7ocuk ya\u015fl\u0131 demeden insanl\u0131\u011fa kar\u015f\u0131 deh\u015fet verici vah\u015fetlere son vermede kahramanca m\u00fccadele veren Suriye ordusunun dini ilkeler ve insani de\u011ferlerde ger\u00e7ek cihat sanca\u011f\u0131n\u0131 ta\u015f\u0131d\u0131\u011f\u0131n\u0131 belirtti.<\/p>\n<p>M\u00fcbarek Ramazan ay\u0131n\u0131n ba\u015flamas\u0131 m\u00fcnasebetiyle d\u00fcn Suriye Televizyonuna konu\u015fan Vak\u0131flar Bakan\u0131 Seyit; \u0130slam \u00fcmmetini saflar\u0131n\u0131 birle\u015ftirmeye davet ederken, fitne, tekfircilik ve provokasyondan uzak durmaya \u00e7a\u011f\u0131rd\u0131. Seyit t\u00fcm \u0130slam \u00fcmmetinin ilke ve de\u011ferlerini korumak ve \u00e7arp\u0131tmalara son vermekle birlikte onurunu, varl\u0131\u011f\u0131n\u0131 ve kutsall\u0131klar\u0131n\u0131 muhafaza etmesi i\u00e7in saflar\u0131n\u0131 birle\u015ftirmesi gerekti\u011fini ifade etti.<\/p>\n<p>Suriye ordusu askerlerine seslenen Seyit; \u201ckimi g\u00fc\u00e7lerin destekledi\u011fi tekfircilere, radikallere ve do\u011fru \u0130slam\u2019dan sapanlara kar\u015f\u0131 kahramanca m\u00fccadelenizle sizler y\u00fcce Allah\u2019\u0131n askerlerisiniz. \u0130slam dininin tekfircilik ve \u00e7arp\u0131tmalardan koruyucusunuz. Onur ve gururun kayna\u011f\u0131s\u0131n\u0131z..\u201d ifadelerini kulland\u0131.<\/p>\n<p>Vak\u0131flar Bakanl\u0131\u011f\u0131 ve ona tabi t\u00fcm kurumlar ad\u0131na Suriye ordusu ve liderinin yan\u0131 s\u0131ra onurlu Suriye halk\u0131n\u0131n Ramazan\u0131n\u0131 kutlayan Bakan Seyit; t\u00fcm Suriyelileri bu m\u00fcbarek ayda vatan\u0131 korumak ve yap\u0131land\u0131rmak i\u00e7in birlik beraberli\u011fe \u00e7a\u011f\u0131rd\u0131.<\/p>\n<p>\u0130slam dininin Hz Muhammed ve sahabelerin minberleriyle g\u00fc\u00e7lendi\u011fini belirten Seyit; ne ihvanc\u0131 Erdo\u011fan, ne Vahhabiler, ne Kafkaslar, ne \u00c7e\u00e7enler ne de Ebu Bekir el Ba\u011fdadi yada Ebu Muhammed el Golani taraf\u0131ndan hak, ho\u015fg\u00f6r\u00fc ve insanl\u0131k minberlerinin sabote edilemeyece\u011fini ifade etti.<\/p>\n<p>Konu\u015fmas\u0131n\u0131n sonunda Vak\u0131flar Bakan\u0131 Seyit; Suriye ve ordusunun onur ve hak sava\u015f\u0131nda zaferin ka\u00e7\u0131n\u0131lmaz oldu\u011funun alt\u0131n\u0131 \u00e7izmek istedi\u011fini dile getirirken, Suriye ve halk\u0131n\u0131n en k\u0131sa zamanda bar\u0131\u015f ve istikrara kavu\u015fmas\u0131 temennilerinde bulundu.<\/p>\n<p>A.A. &#8211; M.M.<\/p>\n","protected":false},"excerpt":{"rendered":"<p>\u015eAM \u2013 Vak\u0131flar Bakan\u0131 Muhammed Abd\u00fcssettar el Seyit Siyonizm ve ta\u015feronlar\u0131n\u0131n edatlar\u0131 olan tekfirciler ve ter\u00f6r \u00f6rg\u00fctlerin kirlettikleri topraklar\u0131 temizleme, kutsal mekanlara sald\u0131r\u0131lara son verme, kad\u0131n \u00e7ocuk ya\u015fl\u0131 demeden insanl\u0131\u011fa kar\u015f\u0131 deh\u015fet verici vah\u015fetlere son vermede kahramanca m\u00fccadele veren Suriye ordusunun dini ilkeler ve insani de\u011ferlerde ger\u00e7ek cihat sanca\u011f\u0131n\u0131 ta\u015f\u0131d\u0131\u011f\u0131n\u0131 belirtti. M\u00fcbarek Ramazan ay\u0131n\u0131n ba\u015flamas\u0131 &hellip;<\/p>\n","protected":false},"author":1,"featured_media":37462,"comment_status":"closed","ping_status":"closed","sticky":false,"template":"","format":"standard","meta":{"footnotes":""},"categories":[479,2554,2555,478],"tags":[15280],"class_list":["post-37460","post","type-post","status-publish","format-standard","has-post-thumbnail","","category-haberler-yerel","category-suriye-ve-dunya","category-suriye-ve-turkiye","category-yerel","tag-seyitten-askerlere-tekfirci-terore-karsi-savasan-allahin-askerlerisiniz"],"_links":{"self":[{"href":"https:\/\/archive.sana.sy\/tr\/index.php?rest_route=\/wp\/v2\/posts\/37460","targetHints":{"allow":["GET"]}}],"collection":[{"href":"https:\/\/archive.sana.sy\/tr\/index.php?rest_route=\/wp\/v2\/posts"}],"about":[{"href":"https:\/\/archive.sana.sy\/tr\/index.php?rest_route=\/wp\/v2\/types\/post"}],"author":[{"embeddable":true,"href":"https:\/\/archive.sana.sy\/tr\/index.php?rest_route=\/wp\/v2\/users\/1"}],"replies":[{"embeddable":true,"href":"https:\/\/archive.sana.sy\/tr\/index.php?rest_route=%2Fwp%2Fv2%2Fcomments&post=37460"}],"version-history":[{"count":0,"href":"https:\/\/archive.sana.sy\/tr\/index.php?rest_route=\/wp\/v2\/posts\/37460\/revisions"}],"wp:featuredmedia":[{"embeddable":true,"href":"https:\/\/archive.sana.sy\/tr\/index.php?rest_route=\/wp\/v2\/media\/37462"}],"wp:attachment":[{"href":"https:\/\/archive.sana.sy\/tr\/index.php?rest_route=%2Fwp%2Fv2%2Fmedia&parent=37460"}],"wp:term":[{"taxonomy":"category","embeddable":true,"href":"https:\/\/archive.sana.sy\/tr\/index.php?rest_route=%2Fwp%2Fv2%2Fcategories&post=37460"},{"taxonomy":"post_tag","embeddable":true,"href":"https:\/\/archive.sana.sy\/tr\/index.php?rest_route=%2Fwp%2Fv2%2Ftags&post=37460"}],"curies":[{"name":"wp","href":"https:\/\/api.w.org\/{rel}","templated":true}]}}