{"id":37491,"date":"2015-06-18T17:31:46","date_gmt":"2015-06-18T14:31:46","guid":{"rendered":"http:\/\/sana.sy\/tr\/?p=37491"},"modified":"2015-06-19T15:28:25","modified_gmt":"2015-06-19T12:28:25","slug":"papaz-erdogan-yol-actigi-olum-yikim-ve-hasarin-sorumlulugunu-ustlenmelidir","status":"publish","type":"post","link":"https:\/\/archive.sana.sy\/tr\/?p=37491","title":{"rendered":"Papaz: Erdo\u011fan Yol A\u00e7t\u0131\u011f\u0131 \u00d6l\u00fcm, Y\u0131k\u0131m ve Hasar\u0131n Sorumlulu\u011funu \u00dcstlenmelidir"},"content":{"rendered":"<p>\u015eAM \u2013 Ba\u015fbakan Vail el Halaki bug\u00fcn Suriye&#8217;de Ermeni Protestanlar Taifesinin ba\u015fkan\u0131 Papaz Hartyon S\u00fcleyman ve ona e\u015flik eden heyeti kabul\u00fcnde Suriye&#8217;deki Ermenilerin, Suriye halk\u0131n\u0131n temel bile\u015fenlerinden biri oldu\u011funu ve toplumsal zenginli\u011fin bir kayna\u011f\u0131 oldu\u011funu ifade etti.<\/p>\n<p><a href=\"http:\/\/sana.sy\/tr\/wp-content\/uploads\/2015\/06\/halaki-21.jpg\"><img loading=\"lazy\" decoding=\"async\" class=\"alignright wp-image-37493 size-medium\" src=\"http:\/\/sana.sy\/tr\/wp-content\/uploads\/2015\/06\/halaki-21-300x200.jpg\" alt=\"halaki 2\" width=\"300\" height=\"200\" srcset=\"https:\/\/archive.sana.sy\/tr\/wp-content\/uploads\/2015\/06\/halaki-21-300x200.jpg 300w, https:\/\/archive.sana.sy\/tr\/wp-content\/uploads\/2015\/06\/halaki-21-150x100.jpg 150w, https:\/\/archive.sana.sy\/tr\/wp-content\/uploads\/2015\/06\/halaki-21.jpg 1000w\" sizes=\"auto, (max-width: 300px) 100vw, 300px\" \/><\/a>Ba\u015fbakan Halaki Suriye halk\u0131n\u0131n t\u00fcm bile\u015fenleri ile omuz omuza vatan \u00e7at\u0131s\u0131 alt\u0131nda toplanmas\u0131n\u0131n ter\u00f6r ve destek\u00e7ilerini hezimete u\u011fratman\u0131n ana fakt\u00f6r\u00fc oldu\u011funa dikkat \u00e7ekerken, halk\u0131n ordu etraf\u0131nda kenetlenmesinin d\u00fc\u015fman planlar\u0131 \u00e7\u00f6kertti\u011fini s\u00f6yledi.<\/p>\n<p>K\u00fclt\u00fcrel ve ideolojik s\u00f6m\u00fcr\u00fcyle tekfircili\u011fin Suriye&#8217;de ve hatta t\u00fcm b\u00f6lgede belli ba\u015fl\u0131 bir kesimi yada bile\u015feni hedef almad\u0131\u011f\u0131n\u0131 belirten Halaki; b\u00f6lge halklar\u0131n\u0131 tamam\u0131yla hedef ald\u0131\u011f\u0131n\u0131, bu ter\u00f6r\u00fcn s\u0131n\u0131r yada insani de\u011fer tan\u0131mad\u0131\u011f\u0131n\u0131n alt\u0131n\u0131 \u00e7izdi.<\/p>\n<p>G\u00f6r\u00fc\u015fmede Papaz S\u00fcleyman; vatan d\u00fc\u015fmanlar\u0131n\u0131n Suriye ve halk\u0131n\u0131 par\u00e7alamas\u0131n\u0131n m\u00fcmk\u00fcn olmad\u0131\u011f\u0131n\u0131 ifade ederken; \u2018katil Erdo\u011fan\u2019\u0131n hayallerinin Suriye&#8217;de sert bir kayaya vurdu\u011funu\u2019 s\u00f6yledi. Erdo\u011fan\u2019\u0131n ba\u015fta T\u00fcrkiye halk\u0131 olmak \u00fczere t\u00fcm b\u00f6lge devletleri ve halklar\u0131 i\u00e7in g\u00f6rmezden gelinemez ciddi bir tehlike haline geldi\u011fini ifade eden Papaz S\u00fcleyman; yol a\u00e7t\u0131\u011f\u0131 y\u0131k\u0131m, \u00f6l\u00fcm ve ekonomik hasar\u0131n sorumlulu\u011funu \u00fcstlenmesi gerekti\u011fini vurgulad\u0131.<\/p>\n<p>A.A. &#8211; M.M.<\/p>\n","protected":false},"excerpt":{"rendered":"<p>\u015eAM \u2013 Ba\u015fbakan Vail el Halaki bug\u00fcn Suriye&#8217;de Ermeni Protestanlar Taifesinin ba\u015fkan\u0131 Papaz Hartyon S\u00fcleyman ve ona e\u015flik eden heyeti kabul\u00fcnde Suriye&#8217;deki Ermenilerin, Suriye halk\u0131n\u0131n temel bile\u015fenlerinden biri oldu\u011funu ve toplumsal zenginli\u011fin bir kayna\u011f\u0131 oldu\u011funu ifade etti. Ba\u015fbakan Halaki Suriye halk\u0131n\u0131n t\u00fcm bile\u015fenleri ile omuz omuza vatan \u00e7at\u0131s\u0131 alt\u0131nda toplanmas\u0131n\u0131n ter\u00f6r ve destek\u00e7ilerini hezimete u\u011fratman\u0131n &hellip;<\/p>\n","protected":false},"author":1,"featured_media":37494,"comment_status":"closed","ping_status":"closed","sticky":false,"template":"","format":"standard","meta":{"footnotes":""},"categories":[479,2554,2555,478],"tags":[15286,15287],"class_list":["post-37491","post","type-post","status-publish","format-standard","has-post-thumbnail","","category-haberler-yerel","category-suriye-ve-dunya","category-suriye-ve-turkiye","category-yerel","tag-papaz-erdogan-yol-actigi-olum","tag-yikim-ve-hasarin-sorumlulugunu-ustlenmelidir"],"_links":{"self":[{"href":"https:\/\/archive.sana.sy\/tr\/index.php?rest_route=\/wp\/v2\/posts\/37491","targetHints":{"allow":["GET"]}}],"collection":[{"href":"https:\/\/archive.sana.sy\/tr\/index.php?rest_route=\/wp\/v2\/posts"}],"about":[{"href":"https:\/\/archive.sana.sy\/tr\/index.php?rest_route=\/wp\/v2\/types\/post"}],"author":[{"embeddable":true,"href":"https:\/\/archive.sana.sy\/tr\/index.php?rest_route=\/wp\/v2\/users\/1"}],"replies":[{"embeddable":true,"href":"https:\/\/archive.sana.sy\/tr\/index.php?rest_route=%2Fwp%2Fv2%2Fcomments&post=37491"}],"version-history":[{"count":0,"href":"https:\/\/archive.sana.sy\/tr\/index.php?rest_route=\/wp\/v2\/posts\/37491\/revisions"}],"wp:featuredmedia":[{"embeddable":true,"href":"https:\/\/archive.sana.sy\/tr\/index.php?rest_route=\/wp\/v2\/media\/37494"}],"wp:attachment":[{"href":"https:\/\/archive.sana.sy\/tr\/index.php?rest_route=%2Fwp%2Fv2%2Fmedia&parent=37491"}],"wp:term":[{"taxonomy":"category","embeddable":true,"href":"https:\/\/archive.sana.sy\/tr\/index.php?rest_route=%2Fwp%2Fv2%2Fcategories&post=37491"},{"taxonomy":"post_tag","embeddable":true,"href":"https:\/\/archive.sana.sy\/tr\/index.php?rest_route=%2Fwp%2Fv2%2Ftags&post=37491"}],"curies":[{"name":"wp","href":"https:\/\/api.w.org\/{rel}","templated":true}]}}