{"id":37498,"date":"2015-06-19T13:15:57","date_gmt":"2015-06-19T10:15:57","guid":{"rendered":"http:\/\/www.sana.sy\/tr\/?p=37498"},"modified":"2015-06-19T13:15:57","modified_gmt":"2015-06-19T10:15:57","slug":"sear-silahli-kuvvetlerimiz-vatanin-birlik-ve-butunlugune-buyuk-bir-onem-veriyor","status":"publish","type":"post","link":"https:\/\/archive.sana.sy\/tr\/?p=37498","title":{"rendered":"\u015eear: Silahl\u0131 Kuvvetlerimiz Vatan\u0131n Birlik ve B\u00fct\u00fcnl\u00fc\u011f\u00fcne B\u00fcy\u00fck Bir \u00d6nem Veriyor"},"content":{"rendered":"<p>\u015eAM \u2013 \u0130\u00e7i\u015fleri Bakan\u0131 Muhammed el \u015eear, Silahl\u0131 Kuvvetlerimiz ve \u0130\u00e7 G\u00fcvenlik Birimlerimizin vatan topraklar\u0131n\u0131n birlik ve b\u00fct\u00fcnl\u00fc\u011f\u00fc, g\u00fcvenli\u011fi ve istikrar\u0131na b\u00fcy\u00fck bir \u00f6nem verdi\u011fini dile getirdi.<\/p>\n<p>D\u00fcn Yeni Mezu<img loading=\"lazy\" decoding=\"async\" class=\"alignright wp-image-37500 size-medium\" src=\"http:\/\/www.sana.sy\/tr\/wp-content\/uploads\/2015\/06\/\u015eear1-300x201.jpg\" alt=\"\u015eear\" width=\"300\" height=\"201\" srcset=\"https:\/\/archive.sana.sy\/tr\/wp-content\/uploads\/2015\/06\/\u015eear1-300x201.jpg 300w, https:\/\/archive.sana.sy\/tr\/wp-content\/uploads\/2015\/06\/\u015eear1-150x100.jpg 150w, https:\/\/archive.sana.sy\/tr\/wp-content\/uploads\/2015\/06\/\u015eear1-1024x685.jpg 1024w\" sizes=\"auto, (max-width: 300px) 100vw, 300px\" \/>n Subaylarla bir araya geldi\u011fi toplant\u0131da, silahl\u0131 ter\u00f6r gruplar\u0131n\u0131, Siyonist olu\u015fumun \u00e7\u0131karlar\u0131na hizmet eden yok edici ve ayr\u0131l\u0131k\u00e7\u0131 hareketler olarak nitelendiren \u015eear, Suriyelilerin vatanlar\u0131 u\u011fruna fedak\u00e2rl\u0131k yapmakta teredd\u00fct etmeyen bir yap\u0131ya sahip olduklar\u0131n\u0131 ifade etti.<\/p>\n<p>Yeni mezun subaylar\u0131n gen\u00e7 ve \u00e7a\u011fda\u015f-nitelikli bir e\u011fitim donanm\u0131\u015f olmalar\u0131 itibariyle g\u00fcvenlik g\u00fc\u00e7lerine ivme kazand\u0131racaklar\u0131na i\u015faret eden \u015eear, vatan\u0131n, vatanda\u015flar\u0131n ve devletin g\u00fcvenli\u011fini sa\u011flama g\u00f6revinin kutsal ve onur verici bir g\u00f6rev oldu\u011funu belirtti.<\/p>\n<p>\u015eear, yeni Mezun Subaylara, kanunlar\u0131 uygulama ve vatan\u0131 koruma g\u00f6revlerinde ba\u015far\u0131lar diledi.<\/p>\n<p>F.B. &#8211; M.M.<\/p>\n","protected":false},"excerpt":{"rendered":"<p>\u015eAM \u2013 \u0130\u00e7i\u015fleri Bakan\u0131 Muhammed el \u015eear, Silahl\u0131 Kuvvetlerimiz ve \u0130\u00e7 G\u00fcvenlik Birimlerimizin vatan topraklar\u0131n\u0131n birlik ve b\u00fct\u00fcnl\u00fc\u011f\u00fc, g\u00fcvenli\u011fi ve istikrar\u0131na b\u00fcy\u00fck bir \u00f6nem verdi\u011fini dile getirdi. D\u00fcn Yeni Mezun Subaylarla bir araya geldi\u011fi toplant\u0131da, silahl\u0131 ter\u00f6r gruplar\u0131n\u0131, Siyonist olu\u015fumun \u00e7\u0131karlar\u0131na hizmet eden yok edici ve ayr\u0131l\u0131k\u00e7\u0131 hareketler olarak nitelendiren \u015eear, Suriyelilerin vatanlar\u0131 u\u011fruna fedak\u00e2rl\u0131k &hellip;<\/p>\n","protected":false},"author":1,"featured_media":37501,"comment_status":"closed","ping_status":"closed","sticky":false,"template":"","format":"standard","meta":{"footnotes":""},"categories":[479,478],"tags":[15288],"class_list":["post-37498","post","type-post","status-publish","format-standard","has-post-thumbnail","","category-haberler-yerel","category-yerel","tag-sear-silahli-kuvvetlerimiz-vatanin-birlik-ve-butunlugune-buyuk-bir-onem-veriyor"],"_links":{"self":[{"href":"https:\/\/archive.sana.sy\/tr\/index.php?rest_route=\/wp\/v2\/posts\/37498","targetHints":{"allow":["GET"]}}],"collection":[{"href":"https:\/\/archive.sana.sy\/tr\/index.php?rest_route=\/wp\/v2\/posts"}],"about":[{"href":"https:\/\/archive.sana.sy\/tr\/index.php?rest_route=\/wp\/v2\/types\/post"}],"author":[{"embeddable":true,"href":"https:\/\/archive.sana.sy\/tr\/index.php?rest_route=\/wp\/v2\/users\/1"}],"replies":[{"embeddable":true,"href":"https:\/\/archive.sana.sy\/tr\/index.php?rest_route=%2Fwp%2Fv2%2Fcomments&post=37498"}],"version-history":[{"count":0,"href":"https:\/\/archive.sana.sy\/tr\/index.php?rest_route=\/wp\/v2\/posts\/37498\/revisions"}],"wp:featuredmedia":[{"embeddable":true,"href":"https:\/\/archive.sana.sy\/tr\/index.php?rest_route=\/wp\/v2\/media\/37501"}],"wp:attachment":[{"href":"https:\/\/archive.sana.sy\/tr\/index.php?rest_route=%2Fwp%2Fv2%2Fmedia&parent=37498"}],"wp:term":[{"taxonomy":"category","embeddable":true,"href":"https:\/\/archive.sana.sy\/tr\/index.php?rest_route=%2Fwp%2Fv2%2Fcategories&post=37498"},{"taxonomy":"post_tag","embeddable":true,"href":"https:\/\/archive.sana.sy\/tr\/index.php?rest_route=%2Fwp%2Fv2%2Ftags&post=37498"}],"curies":[{"name":"wp","href":"https:\/\/api.w.org\/{rel}","templated":true}]}}