{"id":37499,"date":"2015-06-19T13:19:50","date_gmt":"2015-06-19T10:19:50","guid":{"rendered":"http:\/\/www.sana.sy\/tr\/?p=37499"},"modified":"2015-06-19T13:21:30","modified_gmt":"2015-06-19T10:21:30","slug":"insani-yardim-calismalarinin-daha-genis-capta-surdurulmesi-icin-isbirligi-olanaklari-incelendi","status":"publish","type":"post","link":"https:\/\/archive.sana.sy\/tr\/?p=37499","title":{"rendered":"\u0130nsani Yard\u0131m \u00c7al\u0131\u015fmalar\u0131n\u0131n Daha Geni\u015f \u00c7apta S\u00fcrd\u00fcr\u00fclmesi \u0130\u00e7in \u0130\u015fbirli\u011fi Olanaklar\u0131 \u0130ncelendi"},"content":{"rendered":"<p>HASEKE \u2013 Haseke Valisi Muhammed Zeal el Ali, uluslararas\u0131 insan haklar\u0131 \u00f6rg\u00fctleri temsilcileriyle bir araya gelerek insani yard\u0131m \u00e7al\u0131\u015fmalar\u0131n\u0131n daha geni\u015f \u00e7apl\u0131 s\u00fcrd\u00fcr\u00fclmesi y\u00f6n\u00fcnde ortak i\u015fbirli\u011fi olanaklar\u0131n\u0131 inceledi.<\/p>\n<p><a href=\"http:\/\/www.sana.sy\/tr\/wp-content\/uploads\/2015\/06\/Haseke-Valisi-1.jpg\"><img loading=\"lazy\" decoding=\"async\" class=\"alignright wp-image-37504 size-medium\" src=\"http:\/\/www.sana.sy\/tr\/wp-content\/uploads\/2015\/06\/Haseke-Valisi-1-300x177.jpg\" alt=\"Haseke Valisi 1\" width=\"300\" height=\"177\" srcset=\"https:\/\/archive.sana.sy\/tr\/wp-content\/uploads\/2015\/06\/Haseke-Valisi-1.jpg 300w, https:\/\/archive.sana.sy\/tr\/wp-content\/uploads\/2015\/06\/Haseke-Valisi-1-150x89.jpg 150w\" sizes=\"auto, (max-width: 300px) 100vw, 300px\" \/><\/a>BM\u2019nin Suriye\u2019de Mukim Temsilcisi Yakup el Hulu, Haseke Valisini ziyaret etmelerinin ter\u00f6r ma\u011fduru ailelere sunulan deste\u011fin artt\u0131r\u0131lmas\u0131n\u0131 sa\u011flamay\u0131 ama\u00e7lad\u0131\u011f\u0131na i\u015faret ederek BM\u2019nin \u00e7al\u0131\u015fmalar\u0131 esnas\u0131nda Suriye\u2019nin ulusal egemenli\u011fini ihlal etmemeye \u00f6nem verdi\u011fini belirtti.<\/p>\n<p>BM \u00c7ocukluk \u00d6rg\u00fct\u00fc UNICEF Temsilcisi HenaSencar, ba\u015fta \u00e7ocuklar\u0131n a\u015f\u0131lanmas\u0131 alan\u0131 olmak \u00fczere vatanda\u015flar\u0131n gereksinimlerinin kar\u015f\u0131lanmas\u0131nda h\u00fck\u00fcmet g\u00fc\u00e7lerinin harcad\u0131klar\u0131 \u00e7abalar\u0131n \u00f6nemine dikkat \u00e7ekti.<\/p>\n<p>D\u00fcnya G\u0131da \u00d6rg\u00fct\u00fc Temsilcisi MatthewHolengurt, ilgili kurumlarla de\u011firmen ve f\u0131r\u0131nlar\u0131n \u00fcretim kapasitesinin artt\u0131r\u0131lmas\u0131 y\u00f6n\u00fcnde \u00e7aba harcanmakta oldu\u011funa i\u015faret ederek, ailelere gelir sa\u011flayacak bir \u00e7al\u0131\u015fma program\u0131 haz\u0131rlamaya \u00e7al\u0131\u015ft\u0131klar\u0131n\u0131 belirtti.<\/p>\n<p>D\u00fcnya Sa\u011fl\u0131k \u00d6rg\u00fct\u00fc Temsilcisi Ahmet Ticani, Sa\u011fl\u0131k \u00d6rg\u00fct\u00fcn Haseke\u2019deki \u00f6nceli\u011finin devlet hastanesinin yeniden hizmete konulmas\u0131 oldu\u011funa i\u015faret ederek \u00f6n\u00fcm\u00fczdeki s\u00fcre\u00e7te gelecek teknik bir ekibin hastane binas\u0131n\u0131n restorasyonu ve gerekirse yeniden yap\u0131m\u0131 olanaklar\u0131n\u0131 inceleyece\u011fini belirtti.<\/p>\n<p>\u00d6te yandan uluslararas\u0131 insan haklar\u0131 ve yard\u0131m \u00f6rg\u00fctlerinin sa\u011flad\u0131\u011f\u0131 deste\u011fin \u00f6nemine dikkat \u00e7eken Vali Ali, valili\u011fin vatanda\u015flara her zaman nitelikli hizmet sunmaya \u00f6nem verdi\u011fini ter\u00f6r sald\u0131r\u0131lar\u0131 g\u00f6lgesinde bu \u00f6nemin daha da peki\u015fti\u011fini belirtti.<\/p>\n<p>F.B. &#8211; M.M.<\/p>\n","protected":false},"excerpt":{"rendered":"<p>HASEKE \u2013 Haseke Valisi Muhammed Zeal el Ali, uluslararas\u0131 insan haklar\u0131 \u00f6rg\u00fctleri temsilcileriyle bir araya gelerek insani yard\u0131m \u00e7al\u0131\u015fmalar\u0131n\u0131n daha geni\u015f \u00e7apl\u0131 s\u00fcrd\u00fcr\u00fclmesi y\u00f6n\u00fcnde ortak i\u015fbirli\u011fi olanaklar\u0131n\u0131 inceledi. BM\u2019nin Suriye\u2019de Mukim Temsilcisi Yakup el Hulu, Haseke Valisini ziyaret etmelerinin ter\u00f6r ma\u011fduru ailelere sunulan deste\u011fin artt\u0131r\u0131lmas\u0131n\u0131 sa\u011flamay\u0131 ama\u00e7lad\u0131\u011f\u0131na i\u015faret ederek BM\u2019nin \u00e7al\u0131\u015fmalar\u0131 esnas\u0131nda Suriye\u2019nin ulusal egemenli\u011fini &hellip;<\/p>\n","protected":false},"author":1,"featured_media":37503,"comment_status":"closed","ping_status":"closed","sticky":false,"template":"","format":"standard","meta":{"footnotes":""},"categories":[479,478],"tags":[15289],"class_list":["post-37499","post","type-post","status-publish","format-standard","has-post-thumbnail","","category-haberler-yerel","category-yerel","tag-insani-yardim-calismalarinin-daha-genis-capta-surdurulmesi-icin-isbirligi-olanaklari-incelendi"],"_links":{"self":[{"href":"https:\/\/archive.sana.sy\/tr\/index.php?rest_route=\/wp\/v2\/posts\/37499","targetHints":{"allow":["GET"]}}],"collection":[{"href":"https:\/\/archive.sana.sy\/tr\/index.php?rest_route=\/wp\/v2\/posts"}],"about":[{"href":"https:\/\/archive.sana.sy\/tr\/index.php?rest_route=\/wp\/v2\/types\/post"}],"author":[{"embeddable":true,"href":"https:\/\/archive.sana.sy\/tr\/index.php?rest_route=\/wp\/v2\/users\/1"}],"replies":[{"embeddable":true,"href":"https:\/\/archive.sana.sy\/tr\/index.php?rest_route=%2Fwp%2Fv2%2Fcomments&post=37499"}],"version-history":[{"count":0,"href":"https:\/\/archive.sana.sy\/tr\/index.php?rest_route=\/wp\/v2\/posts\/37499\/revisions"}],"wp:featuredmedia":[{"embeddable":true,"href":"https:\/\/archive.sana.sy\/tr\/index.php?rest_route=\/wp\/v2\/media\/37503"}],"wp:attachment":[{"href":"https:\/\/archive.sana.sy\/tr\/index.php?rest_route=%2Fwp%2Fv2%2Fmedia&parent=37499"}],"wp:term":[{"taxonomy":"category","embeddable":true,"href":"https:\/\/archive.sana.sy\/tr\/index.php?rest_route=%2Fwp%2Fv2%2Fcategories&post=37499"},{"taxonomy":"post_tag","embeddable":true,"href":"https:\/\/archive.sana.sy\/tr\/index.php?rest_route=%2Fwp%2Fv2%2Ftags&post=37499"}],"curies":[{"name":"wp","href":"https:\/\/api.w.org\/{rel}","templated":true}]}}