{"id":37568,"date":"2015-06-20T13:06:34","date_gmt":"2015-06-20T10:06:34","guid":{"rendered":"http:\/\/sana.sy\/tr\/?p=37568"},"modified":"2015-06-20T13:09:00","modified_gmt":"2015-06-20T10:09:00","slug":"terorle-mucadelede-aktif-icraatlar-alinmasi-ve-bolgenin-gectigi-durumlardan-kurtarilmasini-ongoruyor","status":"publish","type":"post","link":"https:\/\/archive.sana.sy\/tr\/?p=37568","title":{"rendered":"Ter\u00f6rle M\u00fccadelede Aktif \u0130craatlar Al\u0131nmas\u0131 ve B\u00f6lgenin Ge\u00e7ti\u011fi Durumlardan Kurtar\u0131lmas\u0131n\u0131 \u00d6ng\u00f6r\u00fcyor"},"content":{"rendered":"<p>TAHRAN \u2013 Arap ve Afrika \u0130\u015flerinden Sorumlu \u0130ran D\u0131\u015fi\u015fleri Bakan\u0131 Yard\u0131mc\u0131s\u0131 H\u00fcseyin Emir Abdullehyan ile Rusya D\u0131\u015fi\u015fleri Bakan\u0131 Ortado\u011fu ve Afrika \u00fclkelerine temsilcisi Mihail Bogdanov, ter\u00f6rle m\u00fccadelede uluslararas\u0131 icraatlarda bulunma zorunlulu\u011fu ve b\u00f6lgenin halihaz\u0131rda ge\u00e7ti\u011fi durumlardan \u00e7\u0131karma gere\u011fini belirtti.<\/p>\n<p>Abdullehyan ve Bogdanov yapt\u0131klar\u0131 telefon g\u00f6r\u00fc\u015fmesinde Suriye ve Libya\u2019daki durum geli\u015fmelerini ele alarak, her iki \u00fclkenin b\u00f6lgesel geli\u015fmelere ve ter\u00f6rle m\u00fccadeleye y\u00f6nelik ortak tutumlar\u0131n\u0131 vurgulad\u0131lar.<\/p>\n<p>Her iki taraf ayr\u0131ca Yemen\u2019deki krizle ilgili Cenevre\u2019deki diyalogu desteklediklerini ve bu \u00fclkedeki krize siyasi \u00e7\u00f6z\u00fcm bulunmas\u0131 ve askeri sald\u0131r\u0131lar\u0131n durdurulmas\u0131 zorunlulu\u011funu dile getirdiler.<\/p>\n<p>Yemen\u2019de gittik\u00e7e k\u00f6t\u00fcye giden ve felaket derecesinde olan insani durumlara i\u015faret ederek, krize siyasi \u00e7\u00f6z\u00fcm bulmada Yemen halk\u0131n\u0131n bekledi\u011fi sonu\u00e7lara varmak i\u00e7in Birle\u015fmi\u015f Milletler rol\u00fcne dikkat \u00e7ekti.<\/p>\n<p><span style=\"color: #0000ff\">Ho\u015fru: Ter\u00f6r \u00d6rg\u00fctlerinin Ortado\u011fu\u2019da \u00c7ocuklara Sald\u0131r\u0131lar\u0131 B\u00f6lge ve D\u00fcnya\u2019ya Ger\u00e7ek Meydan Okuma Yaratt\u0131<\/span><\/p>\n<p>\u0130ran\u2019\u0131n Birle\u015fmi\u015f Milletler Daimi Temsilcisi Gulam Ali Ho\u015fru, orta do\u011fu b\u00f6lgesindeki a\u015f\u0131r\u0131 dinci ter\u00f6r \u00f6rg\u00fctleri sald\u0131r\u0131lar\u0131n\u0131n b\u00f6lge ve d\u00fcnyada ciddi meydan okuma yaratt\u0131\u011f\u0131n\u0131 belirtti.<\/p>\n<p>Ho\u015fru, s\u00f6z konusu \u00f6rg\u00fctlerin \u00e7ocuklara y\u00f6nelik d\u00fczenledikleri aralar\u0131nda, sivil yerle\u015fim alanlar\u0131, okul, hastane ve \u00e7ocuk ka\u00e7\u0131rmalar\u0131n\u0131n bulundu\u011fu ter\u00f6r eylemlerinin t\u0131rmand\u0131\u011f\u0131na dikkat \u00e7ekti.<\/p>\n<p>\u0130ran Haber Ajans\u0131 IRNA Ho\u015fru\u2019nun G\u00fcvenlik Konseyinde \u00c7ocuklar ve Silahl\u0131 \u00c7at\u0131\u015fmalarla ilgili toplant\u0131s\u0131ndaki s\u00f6zlerinden naklen, s\u00f6z konusu eylemlerin kurban\u0131 milyonlarca \u00e7ocu\u011fun gelece\u011fine \u00f6nem verilmemesinin d\u00fcnyaya tehlikeli sonu\u00e7lar do\u011furaca\u011f\u0131n\u0131 belirterek, \u00f6zellikle muhtelif b\u00f6lgesel krizlerle m\u00fccadelede halihaz\u0131rdaki \u015fartlarda, uluslararas\u0131 toplumun bu sorunu g\u00f6zden ge\u00e7irmesine \u00e7a\u011f\u0131rd\u0131.<\/p>\n<p>S.\u015e<\/p>\n<p>&nbsp;<\/p>\n","protected":false},"excerpt":{"rendered":"<p>TAHRAN \u2013 Arap ve Afrika \u0130\u015flerinden Sorumlu \u0130ran D\u0131\u015fi\u015fleri Bakan\u0131 Yard\u0131mc\u0131s\u0131 H\u00fcseyin Emir Abdullehyan ile Rusya D\u0131\u015fi\u015fleri Bakan\u0131 Ortado\u011fu ve Afrika \u00fclkelerine temsilcisi Mihail Bogdanov, ter\u00f6rle m\u00fccadelede uluslararas\u0131 icraatlarda bulunma zorunlulu\u011fu ve b\u00f6lgenin halihaz\u0131rda ge\u00e7ti\u011fi durumlardan \u00e7\u0131karma gere\u011fini belirtti. Abdullehyan ve Bogdanov yapt\u0131klar\u0131 telefon g\u00f6r\u00fc\u015fmesinde Suriye ve Libya\u2019daki durum geli\u015fmelerini ele alarak, her iki \u00fclkenin &hellip;<\/p>\n","protected":false},"author":1,"featured_media":17567,"comment_status":"closed","ping_status":"closed","sticky":false,"template":"","format":"standard","meta":{"footnotes":""},"categories":[458,459,447,2554],"tags":[15298],"class_list":["post-37568","post","type-post","status-publish","format-standard","has-post-thumbnail","","category-dunya1","category-haberler-arap-uluslararasi-politika","category-politika","category-suriye-ve-dunya","tag-terorle-mucadelede-aktif-icraatlar-alinmasi-ve-bolgenin-gectigi-durumlardan-kurtarilmasini-ongoruyor"],"_links":{"self":[{"href":"https:\/\/archive.sana.sy\/tr\/index.php?rest_route=\/wp\/v2\/posts\/37568","targetHints":{"allow":["GET"]}}],"collection":[{"href":"https:\/\/archive.sana.sy\/tr\/index.php?rest_route=\/wp\/v2\/posts"}],"about":[{"href":"https:\/\/archive.sana.sy\/tr\/index.php?rest_route=\/wp\/v2\/types\/post"}],"author":[{"embeddable":true,"href":"https:\/\/archive.sana.sy\/tr\/index.php?rest_route=\/wp\/v2\/users\/1"}],"replies":[{"embeddable":true,"href":"https:\/\/archive.sana.sy\/tr\/index.php?rest_route=%2Fwp%2Fv2%2Fcomments&post=37568"}],"version-history":[{"count":0,"href":"https:\/\/archive.sana.sy\/tr\/index.php?rest_route=\/wp\/v2\/posts\/37568\/revisions"}],"wp:featuredmedia":[{"embeddable":true,"href":"https:\/\/archive.sana.sy\/tr\/index.php?rest_route=\/wp\/v2\/media\/17567"}],"wp:attachment":[{"href":"https:\/\/archive.sana.sy\/tr\/index.php?rest_route=%2Fwp%2Fv2%2Fmedia&parent=37568"}],"wp:term":[{"taxonomy":"category","embeddable":true,"href":"https:\/\/archive.sana.sy\/tr\/index.php?rest_route=%2Fwp%2Fv2%2Fcategories&post=37568"},{"taxonomy":"post_tag","embeddable":true,"href":"https:\/\/archive.sana.sy\/tr\/index.php?rest_route=%2Fwp%2Fv2%2Ftags&post=37568"}],"curies":[{"name":"wp","href":"https:\/\/api.w.org\/{rel}","templated":true}]}}