{"id":37589,"date":"2015-06-20T15:55:54","date_gmt":"2015-06-20T12:55:54","guid":{"rendered":"http:\/\/sana.sy\/tr\/?p=37589"},"modified":"2015-06-21T13:38:02","modified_gmt":"2015-06-21T10:38:02","slug":"halepte-sivil-yerlesim-alanlarina-saldirilari-devam-ediyor","status":"publish","type":"post","link":"https:\/\/archive.sana.sy\/tr\/?p=37589","title":{"rendered":"Halep\u2019te Sivil Yerle\u015fim Alanlar\u0131na Sald\u0131r\u0131lar\u0131 Devam Ediyor"},"content":{"rendered":"<p>HALEP \u2013 Ter\u00f6r \u00e7etelerinin bug\u00fcn Halep Kentinde Belediye Saray\u0131n\u0131 bir f\u00fczeyle hedef almalar\u0131 sonucunda 3 vatanda\u015f \u015fehit, 18 vatanda\u015f da yaral\u0131 d\u00fc\u015ft\u00fc.<\/p>\n<p>Halep \u0130l Emniyet M\u00fcd\u00fcrl\u00fc\u011f\u00fcnde bir kaynak Bostan el Kasr Semtinde saklanan ter\u00f6ristlerin f\u00fcze sald\u0131r\u0131lar\u0131 sonucunda belediye saray\u0131nda maddi hasar\u0131n olu\u015ftu\u011funu s\u00f6yledi.<\/p>\n<p>Bu arada Halep Kentinin bir k\u0131s\u0131m semtlerinde T\u00fcrkiye&#8217;de katil Erdo\u011fan rejimiyle ba\u011flant\u0131l\u0131 ter\u00f6ristler bulunmas\u0131yla kentin sivil yerle\u015fim alanlar\u0131n\u0131 k\u00f6r havan ve f\u00fczelerle hedef al\u0131yor. Bu ter\u00f6r sald\u0131r\u0131lar\u0131nda da geneli \u00e7ocuk ve kad\u0131nlardan olu\u015fan \u00e7ok say\u0131da masum sivil vatanda\u015f kurban gidiyor.<\/p>\n<p>A.A. &#8211; M.M.<\/p>\n","protected":false},"excerpt":{"rendered":"<p>HALEP \u2013 Ter\u00f6r \u00e7etelerinin bug\u00fcn Halep Kentinde Belediye Saray\u0131n\u0131 bir f\u00fczeyle hedef almalar\u0131 sonucunda 3 vatanda\u015f \u015fehit, 18 vatanda\u015f da yaral\u0131 d\u00fc\u015ft\u00fc. Halep \u0130l Emniyet M\u00fcd\u00fcrl\u00fc\u011f\u00fcnde bir kaynak Bostan el Kasr Semtinde saklanan ter\u00f6ristlerin f\u00fcze sald\u0131r\u0131lar\u0131 sonucunda belediye saray\u0131nda maddi hasar\u0131n olu\u015ftu\u011funu s\u00f6yledi. Bu arada Halep Kentinin bir k\u0131s\u0131m semtlerinde T\u00fcrkiye&#8217;de katil Erdo\u011fan rejimiyle ba\u011flant\u0131l\u0131 &hellip;<\/p>\n","protected":false},"author":1,"featured_media":37624,"comment_status":"closed","ping_status":"closed","sticky":false,"template":"","format":"standard","meta":{"footnotes":""},"categories":[575],"tags":[15301],"class_list":["post-37589","post","type-post","status-publish","format-standard","has-post-thumbnail","","category-olaylar-ve-gercekler","tag-halepte-sivil-yerlesim-alanlarina-saldirilari-devam-ediyor"],"_links":{"self":[{"href":"https:\/\/archive.sana.sy\/tr\/index.php?rest_route=\/wp\/v2\/posts\/37589","targetHints":{"allow":["GET"]}}],"collection":[{"href":"https:\/\/archive.sana.sy\/tr\/index.php?rest_route=\/wp\/v2\/posts"}],"about":[{"href":"https:\/\/archive.sana.sy\/tr\/index.php?rest_route=\/wp\/v2\/types\/post"}],"author":[{"embeddable":true,"href":"https:\/\/archive.sana.sy\/tr\/index.php?rest_route=\/wp\/v2\/users\/1"}],"replies":[{"embeddable":true,"href":"https:\/\/archive.sana.sy\/tr\/index.php?rest_route=%2Fwp%2Fv2%2Fcomments&post=37589"}],"version-history":[{"count":0,"href":"https:\/\/archive.sana.sy\/tr\/index.php?rest_route=\/wp\/v2\/posts\/37589\/revisions"}],"wp:featuredmedia":[{"embeddable":true,"href":"https:\/\/archive.sana.sy\/tr\/index.php?rest_route=\/wp\/v2\/media\/37624"}],"wp:attachment":[{"href":"https:\/\/archive.sana.sy\/tr\/index.php?rest_route=%2Fwp%2Fv2%2Fmedia&parent=37589"}],"wp:term":[{"taxonomy":"category","embeddable":true,"href":"https:\/\/archive.sana.sy\/tr\/index.php?rest_route=%2Fwp%2Fv2%2Fcategories&post=37589"},{"taxonomy":"post_tag","embeddable":true,"href":"https:\/\/archive.sana.sy\/tr\/index.php?rest_route=%2Fwp%2Fv2%2Ftags&post=37589"}],"curies":[{"name":"wp","href":"https:\/\/api.w.org\/{rel}","templated":true}]}}