{"id":37646,"date":"2015-06-21T09:05:53","date_gmt":"2015-06-21T06:05:53","guid":{"rendered":"http:\/\/sana.sy\/tr\/?p=37646"},"modified":"2015-06-21T10:09:12","modified_gmt":"2015-06-21T07:09:12","slug":"teror-ve-finansmanlarinin-kuklalari-inkar-ve-ortbas-etme-telasina-dustuler","status":"publish","type":"post","link":"https:\/\/archive.sana.sy\/tr\/?p=37646","title":{"rendered":"Ter\u00f6r ve Finansmanlar\u0131n\u0131n Kuklalar\u0131 \u0130nkar ve \u00d6rtbas Etme Tela\u015f\u0131na D\u00fc\u015ft\u00fcler"},"content":{"rendered":"<p>KUNAYTRA \u2013 Kunaytra k\u0131rsal\u0131n\u0131n \u015eear ve Bezzak Da\u011flar\u0131 eteklerinde ve Ceba ba\u011flar\u0131nda, \u0130\u015fgalci \u0130srail istihbarat\u0131ndan direk ald\u0131klar\u0131 talimatlarla b\u00f6lge sakinlerini hedef alan sald\u0131r\u0131lar d\u00fczenleyen silahl\u0131 ter\u00f6r gruplar\u0131na b\u00fcy\u00fck kay\u0131plar verdirildi.<\/p>\n<p>Ter\u00f6r ve finansmanlar\u0131n\u0131n kuklal\u0131\u011f\u0131n\u0131 yapan dezenformasyon medya ara\u00e7lar\u0131 silahl\u0131 ter\u00f6r gruplar\u0131n\u0131n u\u011frad\u0131klar\u0131 hezimeti yay\u0131nlamay\u0131 reddederek bunun yerine Silahl\u0131 ter\u00f6r gruplar\u0131n\u0131n bu da\u011f eteklerinden Han el Arnebe ve Ceba beldelerine s\u0131zd\u0131klar\u0131n\u0131 inkar ve \u00f6rtbas etmenin tela\u015f\u0131na d\u00fc\u015ft\u00fcler.<\/p>\n<p>https:\/\/www.youtube.com\/watch?v=5hGfsfg9PCs<\/p>\n<p>F.B. &#8211; R.H.<\/p>\n","protected":false},"excerpt":{"rendered":"<p>KUNAYTRA \u2013 Kunaytra k\u0131rsal\u0131n\u0131n \u015eear ve Bezzak Da\u011flar\u0131 eteklerinde ve Ceba ba\u011flar\u0131nda, \u0130\u015fgalci \u0130srail istihbarat\u0131ndan direk ald\u0131klar\u0131 talimatlarla b\u00f6lge sakinlerini hedef alan sald\u0131r\u0131lar d\u00fczenleyen silahl\u0131 ter\u00f6r gruplar\u0131na b\u00fcy\u00fck kay\u0131plar verdirildi. Ter\u00f6r ve finansmanlar\u0131n\u0131n kuklal\u0131\u011f\u0131n\u0131 yapan dezenformasyon medya ara\u00e7lar\u0131 silahl\u0131 ter\u00f6r gruplar\u0131n\u0131n u\u011frad\u0131klar\u0131 hezimeti yay\u0131nlamay\u0131 reddederek bunun yerine Silahl\u0131 ter\u00f6r gruplar\u0131n\u0131n bu da\u011f eteklerinden Han el &hellip;<\/p>\n","protected":false},"author":1,"featured_media":37647,"comment_status":"closed","ping_status":"closed","sticky":false,"template":"","format":"standard","meta":{"footnotes":""},"categories":[479,575,478],"tags":[15305,15304],"class_list":["post-37646","post","type-post","status-publish","format-standard","has-post-thumbnail","","category-haberler-yerel","category-olaylar-ve-gercekler","category-yerel","tag-isgalci-israil-istihbaratindan-direk-aldiklari-talimatlarla-bolge-sakinlerini-hedef-alan-saldirilar-duzenleyen-silahli-teror-gruplarina-buyuk-kayiplar-verdirildi","tag-teror-ve-finansmanlarinin-kuklalari-inkar-ve-ortbas-etme-telasina-dustuler-kunaytra-kunaytra-kirsalinin-sear-ve-bezzak-daglari-eteklerinde-ve-ceba-baglarinda"],"_links":{"self":[{"href":"https:\/\/archive.sana.sy\/tr\/index.php?rest_route=\/wp\/v2\/posts\/37646","targetHints":{"allow":["GET"]}}],"collection":[{"href":"https:\/\/archive.sana.sy\/tr\/index.php?rest_route=\/wp\/v2\/posts"}],"about":[{"href":"https:\/\/archive.sana.sy\/tr\/index.php?rest_route=\/wp\/v2\/types\/post"}],"author":[{"embeddable":true,"href":"https:\/\/archive.sana.sy\/tr\/index.php?rest_route=\/wp\/v2\/users\/1"}],"replies":[{"embeddable":true,"href":"https:\/\/archive.sana.sy\/tr\/index.php?rest_route=%2Fwp%2Fv2%2Fcomments&post=37646"}],"version-history":[{"count":0,"href":"https:\/\/archive.sana.sy\/tr\/index.php?rest_route=\/wp\/v2\/posts\/37646\/revisions"}],"wp:featuredmedia":[{"embeddable":true,"href":"https:\/\/archive.sana.sy\/tr\/index.php?rest_route=\/wp\/v2\/media\/37647"}],"wp:attachment":[{"href":"https:\/\/archive.sana.sy\/tr\/index.php?rest_route=%2Fwp%2Fv2%2Fmedia&parent=37646"}],"wp:term":[{"taxonomy":"category","embeddable":true,"href":"https:\/\/archive.sana.sy\/tr\/index.php?rest_route=%2Fwp%2Fv2%2Fcategories&post=37646"},{"taxonomy":"post_tag","embeddable":true,"href":"https:\/\/archive.sana.sy\/tr\/index.php?rest_route=%2Fwp%2Fv2%2Ftags&post=37646"}],"curies":[{"name":"wp","href":"https:\/\/api.w.org\/{rel}","templated":true}]}}