{"id":37670,"date":"2015-06-21T12:34:25","date_gmt":"2015-06-21T09:34:25","guid":{"rendered":"http:\/\/sana.sy\/tr\/?p=37670"},"modified":"2015-06-21T15:02:04","modified_gmt":"2015-06-21T12:02:04","slug":"isbirligini-pekistirme-ve-goc-ettirilmisleri-desteklemek-icin-uretici-projeler-kurma-yollari-ele-alindi","status":"publish","type":"post","link":"https:\/\/archive.sana.sy\/tr\/?p=37670","title":{"rendered":"Tartus&#8217;ta BM \u00d6rg\u00fctleriyle \u0130\u015fbirli\u011fi Peki\u015ftiriliyor"},"content":{"rendered":"<p>TARTUS \u2013 Tartus Valisi Safvan Ebu Sadi, Suriye\u2019de g\u00f6rev yapan Birle\u015fmi\u015f Milletler \u00f6rg\u00fctlerinin baz\u0131 temsilcileriyle d\u00fcn ak\u015fam bir araya gelerek her iki taraf aras\u0131ndaki i\u015fbirli\u011fi ve ter\u00f6r nedeniyle muhtelif b\u00f6lgelerden Tartus&#8217;a tehcir edilen vatanda\u015flara yard\u0131mlar\u0131n artt\u0131r\u0131lmas\u0131 yollar\u0131n\u0131 ele ald\u0131.<\/p>\n<p>G\u00f6r\u00fc\u015fmede ayr\u0131ca\u00a0 kentin maddi ve be\u015feri kaynaklar\u0131na dayanarak k\u00fc\u00e7\u00fck \u00f6l\u00e7ekli projelerin kurulmas\u0131nda geni\u015fleme imkan\u0131, \u00e7ift\u00e7ilerin \u00fcr\u00fcnlerini satmaklar\u0131 i\u00e7in pazar bulmalar\u0131na yard\u0131mc\u0131 olma, insani \u00f6rg\u00fctlerin \u00fcretim kayna\u011f\u0131 ile t\u00fcketim pazar\u0131 aras\u0131nda ba\u011f olma \u00e7abalar\u0131na ek olarak valili\u011fin kent ahalisi i\u00e7in ihtiya\u00e7 duyulan kanser ila\u00e7lar\u0131, hastanelerde modern sa\u011fl\u0131k cihazlar\u0131 yan\u0131 s\u0131ra ge\u00e7ici ikamet merkezlerinin alt yap\u0131lar\u0131n\u0131 yeniden d\u00fczenleme konular\u0131n\u0131 ele ald\u0131.<\/p>\n<p>Kendi y\u00f6n\u00fcnden BM\u2019nin Suriye\u2019de ikamet eden temsilcisi Yakup el Huluv, BM ile Suriye aras\u0131ndaki ortakl\u0131\u011f\u0131 geli\u015ftirmek ve ilk yard\u0131m d\u00fczeyinden \u00fcretici projeler d\u00fczeyine ta\u015f\u0131ma zorunlulu\u011funu belirtti.<\/p>\n<p>El Huluv, d\u0131\u015far\u0131dan gelenlere ev sahipli\u011fi yapmada ba\u015far\u0131l\u0131 Tartus\u00a0 tecr\u00fcbesinden faydalanman\u0131n \u00f6nemine i\u015faret ederek, BM \u00f6rg\u00fctleri ve kentteki sivil toplum kurulu\u015flar\u0131 i\u015fbirli\u011fi ile yap\u0131lan verimli projelerin geni\u015fletilmesi gere\u011fine dikkat \u00e7ekti.<\/p>\n<p>El Huluv, BM istatistiklerinin tehcir edilen Suriyelilere destek i\u00e7in 2,9 milyar dolara ihtiya\u00e7 duyuldu\u011funa dikkat \u00e7ekerek, mevcut veriler \u0131\u015f\u0131\u011f\u0131nda y\u0131l sonuna kadar bu mebla\u011f\u0131n sadece % 60\u2019\u0131ndan fazlas\u0131n\u0131n temin edilmesinin beklenmedi\u011fini ifade etti.<\/p>\n<p>Kendi y\u00f6n\u00fcnden Tartus Valisi, ge\u00e7ici projelerden uzak durulmas\u0131 zorunlulu\u011funa ve uzun vadeli projelerin planlar\u0131n\u0131 yapma gere\u011fine i\u015faret etti.<\/p>\n<p>Vali, s\u00f6z konusu yat\u0131r\u0131mlar\u0131n ihtiya\u00e7 sahiplerine g\u0131da sepetlerinin temin edilmesinde yard\u0131mc\u0131 olaca\u011f\u0131 gibi, kent ahalisi ve buraya gelenlere de i\u015f f\u0131rsatlar\u0131n\u0131 sa\u011flayabilece\u011fini s\u00f6zlerine ekledi.<\/p>\n<p>S.\u015e. &#8211; R.H.<\/p>\n","protected":false},"excerpt":{"rendered":"<p>TARTUS \u2013 Tartus Valisi Safvan Ebu Sadi, Suriye\u2019de g\u00f6rev yapan Birle\u015fmi\u015f Milletler \u00f6rg\u00fctlerinin baz\u0131 temsilcileriyle d\u00fcn ak\u015fam bir araya gelerek her iki taraf aras\u0131ndaki i\u015fbirli\u011fi ve ter\u00f6r nedeniyle muhtelif b\u00f6lgelerden Tartus&#8217;a tehcir edilen vatanda\u015flara yard\u0131mlar\u0131n artt\u0131r\u0131lmas\u0131 yollar\u0131n\u0131 ele ald\u0131. G\u00f6r\u00fc\u015fmede ayr\u0131ca\u00a0 kentin maddi ve be\u015feri kaynaklar\u0131na dayanarak k\u00fc\u00e7\u00fck \u00f6l\u00e7ekli projelerin kurulmas\u0131nda geni\u015fleme imkan\u0131, \u00e7ift\u00e7ilerin \u00fcr\u00fcnlerini &hellip;<\/p>\n","protected":false},"author":1,"featured_media":37673,"comment_status":"closed","ping_status":"closed","sticky":false,"template":"","format":"standard","meta":{"footnotes":""},"categories":[1],"tags":[15316,15315,15313,15314],"class_list":["post-37670","post","type-post","status-publish","format-standard","has-post-thumbnail","","category-news-not-sorted","tag-goc-ettirilmis-ve-kente-gelenlere-sunulan-ilk-yardimlarin-arttirilmasi-yollarini-ele-aldi","tag-her-iki-taraf-arasindaki-isbirligi-ve-teror-sonucunda-zarar-goren","tag-isbirligini-pekistirme-ve-goc-ettirilmisleri-desteklemek-icin-uretici-projeler-kurma-yollari-ele-alindi-tartus-tartus-valisi-safvan-ebu-saadi","tag-suriyede-gorev-yapan-birlesmis-milletler-orgutleri-bazi-temsilcileriyle-dun-aksam-bir-araya-gelisinde"],"_links":{"self":[{"href":"https:\/\/archive.sana.sy\/tr\/index.php?rest_route=\/wp\/v2\/posts\/37670","targetHints":{"allow":["GET"]}}],"collection":[{"href":"https:\/\/archive.sana.sy\/tr\/index.php?rest_route=\/wp\/v2\/posts"}],"about":[{"href":"https:\/\/archive.sana.sy\/tr\/index.php?rest_route=\/wp\/v2\/types\/post"}],"author":[{"embeddable":true,"href":"https:\/\/archive.sana.sy\/tr\/index.php?rest_route=\/wp\/v2\/users\/1"}],"replies":[{"embeddable":true,"href":"https:\/\/archive.sana.sy\/tr\/index.php?rest_route=%2Fwp%2Fv2%2Fcomments&post=37670"}],"version-history":[{"count":0,"href":"https:\/\/archive.sana.sy\/tr\/index.php?rest_route=\/wp\/v2\/posts\/37670\/revisions"}],"wp:featuredmedia":[{"embeddable":true,"href":"https:\/\/archive.sana.sy\/tr\/index.php?rest_route=\/wp\/v2\/media\/37673"}],"wp:attachment":[{"href":"https:\/\/archive.sana.sy\/tr\/index.php?rest_route=%2Fwp%2Fv2%2Fmedia&parent=37670"}],"wp:term":[{"taxonomy":"category","embeddable":true,"href":"https:\/\/archive.sana.sy\/tr\/index.php?rest_route=%2Fwp%2Fv2%2Fcategories&post=37670"},{"taxonomy":"post_tag","embeddable":true,"href":"https:\/\/archive.sana.sy\/tr\/index.php?rest_route=%2Fwp%2Fv2%2Ftags&post=37670"}],"curies":[{"name":"wp","href":"https:\/\/api.w.org\/{rel}","templated":true}]}}