{"id":37677,"date":"2015-06-21T12:50:28","date_gmt":"2015-06-21T09:50:28","guid":{"rendered":"http:\/\/sana.sy\/tr\/?p=37677"},"modified":"2015-06-22T13:27:26","modified_gmt":"2015-06-22T10:27:26","slug":"kamisli-hedaya-oteli-yakinlarinda-teror-eylemi","status":"publish","type":"post","link":"https:\/\/archive.sana.sy\/tr\/?p=37677","title":{"rendered":"Kam\u0131\u015fl\u0131 Hedaya Oteli Yak\u0131nlar\u0131nda Ter\u00f6r Eylemi"},"content":{"rendered":"<p>\u0130LLER &#8211; \u0130ntihar eylemcisi bir ter\u00f6rist Haseke \u0130line tabi Kam\u0131\u015fl\u0131 Kentinin ortalar\u0131nda Vahde Caddesinin uzant\u0131s\u0131 Hedaya Oteli yak\u0131nlar\u0131nda bombal\u0131 eylem d\u00fczenledi.<\/p>\n<p><img loading=\"lazy\" decoding=\"async\" class=\"alignright wp-image-37692 size-medium\" src=\"http:\/\/www.sana.sy\/tr\/wp-content\/uploads\/2015\/06\/Kam\u0131\u015fl\u0131-2-300x160.jpg\" alt=\"Kam\u0131\u015fl\u0131 2\" width=\"300\" height=\"160\" srcset=\"https:\/\/archive.sana.sy\/tr\/wp-content\/uploads\/2015\/06\/Kam\u0131\u015fl\u0131-2-300x160.jpg 300w, https:\/\/archive.sana.sy\/tr\/wp-content\/uploads\/2015\/06\/Kam\u0131\u015fl\u0131-2-150x80.jpg 150w, https:\/\/archive.sana.sy\/tr\/wp-content\/uploads\/2015\/06\/Kam\u0131\u015fl\u0131-2.jpg 620w\" sizes=\"auto, (max-width: 300px) 100vw, 300px\" \/>Emniyet M\u00fcd\u00fcrl\u00fc\u011f\u00fc kayna\u011f\u0131 SANA muhabirine a\u00e7\u0131klamas\u0131nda patlay\u0131c\u0131 kemer ku\u015fanan intihar eylemcisi bir ter\u00f6ristin Hedaya Oteli yak\u0131nlar\u0131nda kendini havaya u\u00e7urdu\u011funu belirtti.\u00a0Kaynak, ter\u00f6r patlamas\u0131nda bir ki\u015finin \u00f6ld\u00fc\u011f\u00fcn\u00fc, 3 ki\u015finin de a\u011f\u0131r yaraland\u0131\u011f\u0131n\u0131 aktar\u0131rken olay yerinde de b\u00fcy\u00fck maddi hasarlar\u0131n olu\u015ftu\u011funa dikkat \u00e7ekti.<\/p>\n<p>Kam\u0131\u015fl\u0131 Emniyet M\u00fcd\u00fcrl\u00fc\u011f\u00fcnde bir kaynak g\u00fcn\u00fcn ilerleyen saatlerinde yapt\u0131\u011f\u0131 a\u00e7\u0131klamada; patlay\u0131c\u0131 kemerle kendini havaya u\u00e7uran intihar eylemcisi ter\u00f6ristin Suudi Arabistanl\u0131 oldu\u011funu a\u00e7\u0131klad\u0131.<\/p>\n<p><span style=\"color: #0000ff\">Sabbura\u2019da Bir Arac\u0131 Havaya U\u00e7urdular<\/span><\/p>\n<p>\u00d6te yandan \u015eam \u00c7evre Kent Emniyet M\u00fcd\u00fcrl\u00fc\u011f\u00fcnde bir kaynak; ter\u00f6ristlerin \u015eam k\u0131rsal\u0131n\u0131n bat\u0131s\u0131 Sabbura B\u00f6lgesinde sahte plaka ta\u015f\u0131yan \u015eam marka bir araca yerle\u015ftirdikleri bomba d\u00fczene\u011fini havaya u\u00e7urduklar\u0131n\u0131 s\u00f6yledi.<\/p>\n<p>Kaynak patlamada be\u015feri isabetin olmad\u0131\u011f\u0131na i\u015faret ederken, araban\u0131n ise b\u00fcy\u00fck hasar g\u00f6rd\u00fc\u011f\u00fcn\u00fc ifade etti.<\/p>\n<p>A.A. &#8211; S.\u015e. &#8211; R.H.<\/p>\n","protected":false},"excerpt":{"rendered":"<p>\u0130LLER &#8211; \u0130ntihar eylemcisi bir ter\u00f6rist Haseke \u0130line tabi Kam\u0131\u015fl\u0131 Kentinin ortalar\u0131nda Vahde Caddesinin uzant\u0131s\u0131 Hedaya Oteli yak\u0131nlar\u0131nda bombal\u0131 eylem d\u00fczenledi. Emniyet M\u00fcd\u00fcrl\u00fc\u011f\u00fc kayna\u011f\u0131 SANA muhabirine a\u00e7\u0131klamas\u0131nda patlay\u0131c\u0131 kemer ku\u015fanan intihar eylemcisi bir ter\u00f6ristin Hedaya Oteli yak\u0131nlar\u0131nda kendini havaya u\u00e7urdu\u011funu belirtti.\u00a0Kaynak, ter\u00f6r patlamas\u0131nda bir ki\u015finin \u00f6ld\u00fc\u011f\u00fcn\u00fc, 3 ki\u015finin de a\u011f\u0131r yaraland\u0131\u011f\u0131n\u0131 aktar\u0131rken olay yerinde de &hellip;<\/p>\n","protected":false},"author":1,"featured_media":37691,"comment_status":"closed","ping_status":"closed","sticky":false,"template":"","format":"standard","meta":{"footnotes":""},"categories":[575],"tags":[15319,15318],"class_list":["post-37677","post","type-post","status-publish","format-standard","has-post-thumbnail","","category-olaylar-ve-gercekler","tag-3-kisinin-de-yaralanmasina-yol-acti","tag-kamisli-hedaya-oteli-yakinlarinda-teror-eylemi-haseke-intihar-eylemcisi-bir-teroristin-kamisli-hedaya-oteli-yakinlarinda-duzenledigi-teror-patlamasi-sonucunda-bir-kisinin-kurban-dustugu"],"_links":{"self":[{"href":"https:\/\/archive.sana.sy\/tr\/index.php?rest_route=\/wp\/v2\/posts\/37677","targetHints":{"allow":["GET"]}}],"collection":[{"href":"https:\/\/archive.sana.sy\/tr\/index.php?rest_route=\/wp\/v2\/posts"}],"about":[{"href":"https:\/\/archive.sana.sy\/tr\/index.php?rest_route=\/wp\/v2\/types\/post"}],"author":[{"embeddable":true,"href":"https:\/\/archive.sana.sy\/tr\/index.php?rest_route=\/wp\/v2\/users\/1"}],"replies":[{"embeddable":true,"href":"https:\/\/archive.sana.sy\/tr\/index.php?rest_route=%2Fwp%2Fv2%2Fcomments&post=37677"}],"version-history":[{"count":0,"href":"https:\/\/archive.sana.sy\/tr\/index.php?rest_route=\/wp\/v2\/posts\/37677\/revisions"}],"wp:featuredmedia":[{"embeddable":true,"href":"https:\/\/archive.sana.sy\/tr\/index.php?rest_route=\/wp\/v2\/media\/37691"}],"wp:attachment":[{"href":"https:\/\/archive.sana.sy\/tr\/index.php?rest_route=%2Fwp%2Fv2%2Fmedia&parent=37677"}],"wp:term":[{"taxonomy":"category","embeddable":true,"href":"https:\/\/archive.sana.sy\/tr\/index.php?rest_route=%2Fwp%2Fv2%2Fcategories&post=37677"},{"taxonomy":"post_tag","embeddable":true,"href":"https:\/\/archive.sana.sy\/tr\/index.php?rest_route=%2Fwp%2Fv2%2Ftags&post=37677"}],"curies":[{"name":"wp","href":"https:\/\/api.w.org\/{rel}","templated":true}]}}