{"id":37708,"date":"2015-06-21T17:06:24","date_gmt":"2015-06-21T14:06:24","guid":{"rendered":"http:\/\/www.sana.sy\/tr\/?p=37708"},"modified":"2015-06-21T17:06:24","modified_gmt":"2015-06-21T14:06:24","slug":"ic-ticaret-ve-tuketiciyi-koruma-kanun-tasarisi-meclisin-gundeminde","status":"publish","type":"post","link":"https:\/\/archive.sana.sy\/tr\/?p=37708","title":{"rendered":"\u0130\u00e7 Ticaret ve T\u00fcketiciyi Koruma Kanun Tasar\u0131s\u0131 Meclisin G\u00fcndeminde"},"content":{"rendered":"<p>\u015eAM \u2013 Halk Meclisi bug\u00fcn ba\u015fkan\u0131 Muhammed Cihat el Lahham ba\u015fkanl\u0131\u011f\u0131nda d\u00fczenledi\u011fi 1. yasama d\u00f6neminin 10. ola\u011fan devresinin 6. oturumunda i\u00e7 ticaret ve t\u00fcketiciyi koruma kanun tasar\u0131s\u0131n\u0131 masaya yat\u0131rd\u0131.<\/p>\n<p>Milletvekillerinin madde madde tart\u0131\u015f\u0131p g\u00f6r\u00fc\u015f ve \u00f6nerilerini ifade ettikleri s\u00f6z konusu kanun tasar\u0131s\u0131 t\u00fcketicilerin muhtelif t\u00fcr ihtiya\u00e7lar\u0131n\u0131n yan\u0131 s\u0131ra de\u011fi\u015fik alanlardaki hizmetleri nitelik ve nicelik a\u00e7\u0131s\u0131ndan iyile\u015ftirmeyi ama\u00e7l\u0131yor. Kanun tasar\u0131s\u0131 ayr\u0131ca t\u00fcketicilerin hak ve hukuklar\u0131 a\u00e7\u0131s\u0131ndan bilin\u00e7lendirilmeleri, t\u00fcketim a\u00e7\u0131s\u0131ndan ekonomik sorumluluklar\u0131 ve y\u00f6nlendirilmeleri gibi konularda ayd\u0131nlat\u0131lmalar\u0131n\u0131 ama\u00e7l\u0131yor.<\/p>\n<p>\u0130lgili bakanlar\u0131n da kat\u0131ld\u0131\u011f\u0131 oturumda Halk Meclisi \u00fcyeleri kanun tasar\u0131s\u0131na ili\u015fkin \u00f6neri ve d\u00fc\u015f\u00fcncelerini takdim ederek tart\u0131\u015fmalar\u0131 ard\u0131ndan madde madde oylamaya sunuldu.<\/p>\n<p>A.A.<\/p>\n","protected":false},"excerpt":{"rendered":"<p>\u015eAM \u2013 Halk Meclisi bug\u00fcn ba\u015fkan\u0131 Muhammed Cihat el Lahham ba\u015fkanl\u0131\u011f\u0131nda d\u00fczenledi\u011fi 1. yasama d\u00f6neminin 10. ola\u011fan devresinin 6. oturumunda i\u00e7 ticaret ve t\u00fcketiciyi koruma kanun tasar\u0131s\u0131n\u0131 masaya yat\u0131rd\u0131. Milletvekillerinin madde madde tart\u0131\u015f\u0131p g\u00f6r\u00fc\u015f ve \u00f6nerilerini ifade ettikleri s\u00f6z konusu kanun tasar\u0131s\u0131 t\u00fcketicilerin muhtelif t\u00fcr ihtiya\u00e7lar\u0131n\u0131n yan\u0131 s\u0131ra de\u011fi\u015fik alanlardaki hizmetleri nitelik ve nicelik a\u00e7\u0131s\u0131ndan &hellip;<\/p>\n","protected":false},"author":1,"featured_media":37709,"comment_status":"closed","ping_status":"closed","sticky":false,"template":"","format":"standard","meta":{"footnotes":""},"categories":[479,478],"tags":[15324],"class_list":["post-37708","post","type-post","status-publish","format-standard","has-post-thumbnail","","category-haberler-yerel","category-yerel","tag-ic-ticaret-ve-tuketiciyi-koruma-kanun-tasarisi-meclisin-gundeminde"],"_links":{"self":[{"href":"https:\/\/archive.sana.sy\/tr\/index.php?rest_route=\/wp\/v2\/posts\/37708","targetHints":{"allow":["GET"]}}],"collection":[{"href":"https:\/\/archive.sana.sy\/tr\/index.php?rest_route=\/wp\/v2\/posts"}],"about":[{"href":"https:\/\/archive.sana.sy\/tr\/index.php?rest_route=\/wp\/v2\/types\/post"}],"author":[{"embeddable":true,"href":"https:\/\/archive.sana.sy\/tr\/index.php?rest_route=\/wp\/v2\/users\/1"}],"replies":[{"embeddable":true,"href":"https:\/\/archive.sana.sy\/tr\/index.php?rest_route=%2Fwp%2Fv2%2Fcomments&post=37708"}],"version-history":[{"count":0,"href":"https:\/\/archive.sana.sy\/tr\/index.php?rest_route=\/wp\/v2\/posts\/37708\/revisions"}],"wp:featuredmedia":[{"embeddable":true,"href":"https:\/\/archive.sana.sy\/tr\/index.php?rest_route=\/wp\/v2\/media\/37709"}],"wp:attachment":[{"href":"https:\/\/archive.sana.sy\/tr\/index.php?rest_route=%2Fwp%2Fv2%2Fmedia&parent=37708"}],"wp:term":[{"taxonomy":"category","embeddable":true,"href":"https:\/\/archive.sana.sy\/tr\/index.php?rest_route=%2Fwp%2Fv2%2Fcategories&post=37708"},{"taxonomy":"post_tag","embeddable":true,"href":"https:\/\/archive.sana.sy\/tr\/index.php?rest_route=%2Fwp%2Fv2%2Ftags&post=37708"}],"curies":[{"name":"wp","href":"https:\/\/api.w.org\/{rel}","templated":true}]}}