{"id":37718,"date":"2015-06-21T17:19:03","date_gmt":"2015-06-21T14:19:03","guid":{"rendered":"http:\/\/www.sana.sy\/tr\/?p=37718"},"modified":"2015-06-21T17:19:03","modified_gmt":"2015-06-21T14:19:03","slug":"pariste-gostericiler-teror-destekcilerinin-yargilanmasini-talep-etti","status":"publish","type":"post","link":"https:\/\/archive.sana.sy\/tr\/?p=37718","title":{"rendered":"Paris\u2019te G\u00f6stericiler Ter\u00f6r Destek\u00e7ilerinin Yarg\u0131lanmas\u0131n\u0131 Talep Etti"},"content":{"rendered":"<p>PAR\u0130S \u2013 Fransa&#8217;n\u0131n ba\u015fkenti Paris\u2019te Suriye&#8217;ye Destek Gurbet\u00e7iler Toplulu\u011fu, Ulusalc\u0131 Suriyeliler Birli\u011fi ve Frans\u0131z Civitas Cemiyeti Frans\u0131z halk kitleleri ve Arap gurbet\u00e7ilerin kat\u0131l\u0131m\u0131yla Paris\u2019te Suudi krall\u0131k b\u00fcy\u00fckel\u00e7ili\u011fi \u00f6n\u00fcnde g\u00f6steri d\u00fczenlediler.<\/p>\n<p>G\u00f6steri kat\u0131l\u0131mc\u0131lar\u0131 Fransa ve Suudi rejimlerinin yan\u0131 s\u0131ra T\u00fcrkiye&#8217;deki ihvanc\u0131 Erdo\u011fan rejiminin \u00f6zel olarak Suriye, Irak ve M\u0131s\u0131r, genel olarak da t\u00fcm b\u00f6lgede tekfirci ter\u00f6r \u00f6rg\u00fctleri destekleyen politikalar\u0131n\u0131 \u015fiddetle k\u0131nad\u0131lar.<\/p>\n<p>Ortado\u011fu&#8217;da halklara kar\u015f\u0131 i\u015flenen soyk\u0131r\u0131mlar\u0131n sorumlulu\u011funu s\u00f6z konusu rejimlere y\u00fckleyen kat\u0131l\u0131mc\u0131lar; bunlar ve ter\u00f6r \u00f6rg\u00fctlerle i\u015fbirli\u011finde bulunan herkesin uluslar aras\u0131 mahkemelerde yarg\u0131lanmalar\u0131n\u0131 talep ettiler. Kat\u0131l\u0131mc\u0131lar s\u00f6z konusu rejimlerin ter\u00f6ristleri desteklemekle insan haklar\u0131 ve insani de\u011fer-ilkeleri tehlikeli bir \u015fekilde ihlal ettiklerine, bunun da cezas\u0131n\u0131 \u00e7ekmeleri gerekti\u011fine vurgu yapt\u0131lar.<\/p>\n<p>Suriye bayraklar\u0131 ve Cumhurba\u015fkan\u0131 Be\u015f\u015far el Esad\u2019\u0131n posterlerini ta\u015f\u0131yan kat\u0131l\u0131mc\u0131lar Paris semalar\u0131n\u0131 Suriye&#8217;ye destek sloganlar\u0131yla inletti.<\/p>\n<p>https:\/\/www.youtube.com\/watch?v=k9dak7GIIwE<\/p>\n<p>A.A.<\/p>\n","protected":false},"excerpt":{"rendered":"<p>PAR\u0130S \u2013 Fransa&#8217;n\u0131n ba\u015fkenti Paris\u2019te Suriye&#8217;ye Destek Gurbet\u00e7iler Toplulu\u011fu, Ulusalc\u0131 Suriyeliler Birli\u011fi ve Frans\u0131z Civitas Cemiyeti Frans\u0131z halk kitleleri ve Arap gurbet\u00e7ilerin kat\u0131l\u0131m\u0131yla Paris\u2019te Suudi krall\u0131k b\u00fcy\u00fckel\u00e7ili\u011fi \u00f6n\u00fcnde g\u00f6steri d\u00fczenlediler. G\u00f6steri kat\u0131l\u0131mc\u0131lar\u0131 Fransa ve Suudi rejimlerinin yan\u0131 s\u0131ra T\u00fcrkiye&#8217;deki ihvanc\u0131 Erdo\u011fan rejiminin \u00f6zel olarak Suriye, Irak ve M\u0131s\u0131r, genel olarak da t\u00fcm b\u00f6lgede tekfirci ter\u00f6r &hellip;<\/p>\n","protected":false},"author":1,"featured_media":37721,"comment_status":"closed","ping_status":"closed","sticky":false,"template":"","format":"standard","meta":{"footnotes":""},"categories":[458,596,459,447],"tags":[15325],"class_list":["post-37718","post","type-post","status-publish","format-standard","has-post-thumbnail","","category-dunya1","category-fotografli-raporlar","category-haberler-arap-uluslararasi-politika","category-politika","tag-pariste-gostericiler-teror-destekcilerinin-yargilanmasini-talep-etti"],"_links":{"self":[{"href":"https:\/\/archive.sana.sy\/tr\/index.php?rest_route=\/wp\/v2\/posts\/37718","targetHints":{"allow":["GET"]}}],"collection":[{"href":"https:\/\/archive.sana.sy\/tr\/index.php?rest_route=\/wp\/v2\/posts"}],"about":[{"href":"https:\/\/archive.sana.sy\/tr\/index.php?rest_route=\/wp\/v2\/types\/post"}],"author":[{"embeddable":true,"href":"https:\/\/archive.sana.sy\/tr\/index.php?rest_route=\/wp\/v2\/users\/1"}],"replies":[{"embeddable":true,"href":"https:\/\/archive.sana.sy\/tr\/index.php?rest_route=%2Fwp%2Fv2%2Fcomments&post=37718"}],"version-history":[{"count":0,"href":"https:\/\/archive.sana.sy\/tr\/index.php?rest_route=\/wp\/v2\/posts\/37718\/revisions"}],"wp:featuredmedia":[{"embeddable":true,"href":"https:\/\/archive.sana.sy\/tr\/index.php?rest_route=\/wp\/v2\/media\/37721"}],"wp:attachment":[{"href":"https:\/\/archive.sana.sy\/tr\/index.php?rest_route=%2Fwp%2Fv2%2Fmedia&parent=37718"}],"wp:term":[{"taxonomy":"category","embeddable":true,"href":"https:\/\/archive.sana.sy\/tr\/index.php?rest_route=%2Fwp%2Fv2%2Fcategories&post=37718"},{"taxonomy":"post_tag","embeddable":true,"href":"https:\/\/archive.sana.sy\/tr\/index.php?rest_route=%2Fwp%2Fv2%2Ftags&post=37718"}],"curies":[{"name":"wp","href":"https:\/\/api.w.org\/{rel}","templated":true}]}}