{"id":37734,"date":"2015-06-21T17:40:05","date_gmt":"2015-06-21T14:40:05","guid":{"rendered":"http:\/\/www.sana.sy\/tr\/?p=37734"},"modified":"2015-06-21T17:42:25","modified_gmt":"2015-06-21T14:42:25","slug":"enformasyon-bakanindan-rifiye-cevap","status":"publish","type":"post","link":"https:\/\/archive.sana.sy\/tr\/?p=37734","title":{"rendered":"Enformasyon Bakan\u0131ndan Rifi\u2019ye Cevap"},"content":{"rendered":"<p>\u015eAM \u2013 Enformasyon Bakan\u0131 Omran el Zoubi L\u00fcbnan Adalet Bakan\u0131 E\u015fref Rifi\u2019nin a\u00e7\u0131klamalar\u0131na cevaben \u2018Cumhurba\u015fkan\u0131 Be\u015f\u015far el Esad\u2019\u0131n ekolunun; ter\u00f6re destek, mezhep\u00e7ilik ve \u00e7ete ekolu de\u011fil de ilke, de\u011fer, ahlak ve yurtseverlik ekolu oldu\u011funu\u2019 belirtti.<\/p>\n<p>Bakan Zoubi SANA\u2019ya a\u00e7\u0131klamas\u0131nda; \u2018el Esad bilgelik, mant\u0131k, yetkinlik ve uzmanl\u0131k zihniyetine sahip oldu\u011funu, bunlardan da uzak olan E\u015fref \u2018Rifi\u2019nin ise bunlar\u0131 irdelemesinin zor oldu\u011funu\u2019 ifade etti.<\/p>\n<p>Rifi\u2019ye seslenen Bakan Zoubi; ileri y\u00f6nde ka\u00e7man\u0131n onu haks\u0131z hapis ve i\u015fkence sorumlulu\u011fundan muaf tutmayaca\u011f\u0131 gibi h\u00fcr ve onurlu L\u00fcbnan halk\u0131n\u0131n ahlaki hanesine de almayaca\u011f\u0131n\u0131 ifade etti.<\/p>\n<p>A.A.<\/p>\n","protected":false},"excerpt":{"rendered":"<p>\u015eAM \u2013 Enformasyon Bakan\u0131 Omran el Zoubi L\u00fcbnan Adalet Bakan\u0131 E\u015fref Rifi\u2019nin a\u00e7\u0131klamalar\u0131na cevaben \u2018Cumhurba\u015fkan\u0131 Be\u015f\u015far el Esad\u2019\u0131n ekolunun; ter\u00f6re destek, mezhep\u00e7ilik ve \u00e7ete ekolu de\u011fil de ilke, de\u011fer, ahlak ve yurtseverlik ekolu oldu\u011funu\u2019 belirtti. Bakan Zoubi SANA\u2019ya a\u00e7\u0131klamas\u0131nda; \u2018el Esad bilgelik, mant\u0131k, yetkinlik ve uzmanl\u0131k zihniyetine sahip oldu\u011funu, bunlardan da uzak olan E\u015fref \u2018Rifi\u2019nin &hellip;<\/p>\n","protected":false},"author":1,"featured_media":9624,"comment_status":"closed","ping_status":"closed","sticky":false,"template":"","format":"standard","meta":{"footnotes":""},"categories":[479,447,478],"tags":[15328],"class_list":["post-37734","post","type-post","status-publish","format-standard","has-post-thumbnail","","category-haberler-yerel","category-politika","category-yerel","tag-enformasyon-bakanindan-rifiye-cevap"],"_links":{"self":[{"href":"https:\/\/archive.sana.sy\/tr\/index.php?rest_route=\/wp\/v2\/posts\/37734","targetHints":{"allow":["GET"]}}],"collection":[{"href":"https:\/\/archive.sana.sy\/tr\/index.php?rest_route=\/wp\/v2\/posts"}],"about":[{"href":"https:\/\/archive.sana.sy\/tr\/index.php?rest_route=\/wp\/v2\/types\/post"}],"author":[{"embeddable":true,"href":"https:\/\/archive.sana.sy\/tr\/index.php?rest_route=\/wp\/v2\/users\/1"}],"replies":[{"embeddable":true,"href":"https:\/\/archive.sana.sy\/tr\/index.php?rest_route=%2Fwp%2Fv2%2Fcomments&post=37734"}],"version-history":[{"count":0,"href":"https:\/\/archive.sana.sy\/tr\/index.php?rest_route=\/wp\/v2\/posts\/37734\/revisions"}],"wp:featuredmedia":[{"embeddable":true,"href":"https:\/\/archive.sana.sy\/tr\/index.php?rest_route=\/wp\/v2\/media\/9624"}],"wp:attachment":[{"href":"https:\/\/archive.sana.sy\/tr\/index.php?rest_route=%2Fwp%2Fv2%2Fmedia&parent=37734"}],"wp:term":[{"taxonomy":"category","embeddable":true,"href":"https:\/\/archive.sana.sy\/tr\/index.php?rest_route=%2Fwp%2Fv2%2Fcategories&post=37734"},{"taxonomy":"post_tag","embeddable":true,"href":"https:\/\/archive.sana.sy\/tr\/index.php?rest_route=%2Fwp%2Fv2%2Ftags&post=37734"}],"curies":[{"name":"wp","href":"https:\/\/api.w.org\/{rel}","templated":true}]}}