{"id":3775,"date":"2014-06-24T08:40:40","date_gmt":"2014-06-24T05:40:40","guid":{"rendered":"http:\/\/www.sana.sy\/tr\/?p=3775"},"modified":"2014-06-24T10:28:59","modified_gmt":"2014-06-24T07:28:59","slug":"genel-af-ve-pismanlik-yasasiyla-yeni-bir-yasama-adim-attilar","status":"publish","type":"post","link":"https:\/\/archive.sana.sy\/tr\/?p=3775","title":{"rendered":"Genel Af ve Pi\u015fmanl\u0131k Yasas\u0131yla Yeni Bir Ya\u015fama Ad\u0131m Att\u0131lar"},"content":{"rendered":"<p><span>KUNAYTRA \u2013<\/span> Kunaytra\u2019da d\u00fcn silahlar\u0131yla birlikte teslim olan 38 ki\u015finin hukuki durumlar\u0131, genel af ve pi\u015fmanl\u0131k yasas\u0131 kapsam\u0131nda yeniden d\u00fczenlenerek serbest b\u0131rak\u0131ld\u0131lar.<\/p>\n<p>Teslim olduklar\u0131 g\u00fcvenlik kurumlar\u0131nda resmi i\u015flemleri d\u00fczenlenen 38 ki\u015fi bundan vatan\u0131n g\u00fcvenlik ve istikrar\u0131na zarar verecek faaliyetlerde bulunmayacaklar\u0131na dair taahh\u00fct imzalad\u0131ktan sonra aileleri, e\u015fleri ve sevdikleriyle birlikte yeni bir ya\u015fama ad\u0131m att\u0131lar.<\/p>\n<p>Kunaytra Emniyet M\u00fcd\u00fcrl\u00fc\u011f\u00fcnde yetkili bir kaynak SANA\u2019ya yapt\u0131\u011f\u0131 a\u00e7\u0131klamada d\u00fcn silahlar\u0131yla birlikte teslim olan 38 ki\u015fi ile birlikte bug\u00fcne kadar Kunaytra\u2019da genel af ve pi\u015fmanl\u0131k yasas\u0131ndan faydalanmak amac\u0131yla teslim olanlar\u0131n say\u0131s\u0131n\u0131n 520\u2019yi buldu\u011funu dile getirdi.<\/p>\n<p>&nbsp;<\/p>\n","protected":false},"excerpt":{"rendered":"<p>KUNAYTRA \u2013 Kunaytra\u2019da d\u00fcn silahlar\u0131yla birlikte teslim olan 38 ki\u015finin hukuki durumlar\u0131, genel af ve pi\u015fmanl\u0131k yasas\u0131 kapsam\u0131nda yeniden d\u00fczenlenerek serbest b\u0131rak\u0131ld\u0131lar. Teslim olduklar\u0131 g\u00fcvenlik kurumlar\u0131nda resmi i\u015flemleri d\u00fczenlenen 38 ki\u015fi bundan vatan\u0131n g\u00fcvenlik ve istikrar\u0131na zarar verecek faaliyetlerde bulunmayacaklar\u0131na dair taahh\u00fct imzalad\u0131ktan sonra aileleri, e\u015fleri ve sevdikleriyle birlikte yeni bir ya\u015fama ad\u0131m att\u0131lar. Kunaytra &hellip;<\/p>\n","protected":false},"author":1,"featured_media":3776,"comment_status":"closed","ping_status":"closed","sticky":false,"template":"","format":"standard","meta":{"footnotes":""},"categories":[575],"tags":[824],"class_list":["post-3775","post","type-post","status-publish","format-standard","has-post-thumbnail","","category-olaylar-ve-gercekler","tag-genel-af-ve-pismanlik-yasasiyla-yeni-bir-yasama-adim-attilar"],"_links":{"self":[{"href":"https:\/\/archive.sana.sy\/tr\/index.php?rest_route=\/wp\/v2\/posts\/3775","targetHints":{"allow":["GET"]}}],"collection":[{"href":"https:\/\/archive.sana.sy\/tr\/index.php?rest_route=\/wp\/v2\/posts"}],"about":[{"href":"https:\/\/archive.sana.sy\/tr\/index.php?rest_route=\/wp\/v2\/types\/post"}],"author":[{"embeddable":true,"href":"https:\/\/archive.sana.sy\/tr\/index.php?rest_route=\/wp\/v2\/users\/1"}],"replies":[{"embeddable":true,"href":"https:\/\/archive.sana.sy\/tr\/index.php?rest_route=%2Fwp%2Fv2%2Fcomments&post=3775"}],"version-history":[{"count":0,"href":"https:\/\/archive.sana.sy\/tr\/index.php?rest_route=\/wp\/v2\/posts\/3775\/revisions"}],"wp:featuredmedia":[{"embeddable":true,"href":"https:\/\/archive.sana.sy\/tr\/index.php?rest_route=\/wp\/v2\/media\/3776"}],"wp:attachment":[{"href":"https:\/\/archive.sana.sy\/tr\/index.php?rest_route=%2Fwp%2Fv2%2Fmedia&parent=3775"}],"wp:term":[{"taxonomy":"category","embeddable":true,"href":"https:\/\/archive.sana.sy\/tr\/index.php?rest_route=%2Fwp%2Fv2%2Fcategories&post=3775"},{"taxonomy":"post_tag","embeddable":true,"href":"https:\/\/archive.sana.sy\/tr\/index.php?rest_route=%2Fwp%2Fv2%2Ftags&post=3775"}],"curies":[{"name":"wp","href":"https:\/\/api.w.org\/{rel}","templated":true}]}}