{"id":3778,"date":"2014-06-24T13:24:43","date_gmt":"2014-06-24T10:24:43","guid":{"rendered":"http:\/\/www.sana.sy\/tr\/?p=3778"},"modified":"2014-06-24T13:24:43","modified_gmt":"2014-06-24T10:24:43","slug":"icisleri-bakani-itiraf-etti","status":"publish","type":"post","link":"https:\/\/archive.sana.sy\/tr\/?p=3778","title":{"rendered":"\u0130\u00e7i\u015fleri Bakan\u0131 \u0130tiraf Etti"},"content":{"rendered":"<p>TUNUS \u2013 Tunus \u0130\u00e7i\u015fleri Bakan\u0131 Lutfi Binciddo; Suriye&#8217;de silahl\u0131 ter\u00f6r gruplar\u0131 saflar\u0131na kat\u0131lan Tunuslu vatanda\u015flar\u0131n say\u0131s\u0131n\u0131n 2400\u2019\u00fc a\u015ft\u0131\u011f\u0131n\u0131 ikrar etti.<\/p>\n<p>Binciddo d\u00fcn ak\u015fam bas\u0131na yapt\u0131\u011f\u0131 a\u00e7\u0131klamada; Tunsu otoritelerinin ter\u00f6r gruplar\u0131 saflar\u0131na kat\u0131lmak amac\u0131yla Suriye&#8217;ye gitmek isteyen 8700 ila 8800 Tunusluyu engelledi\u011fini s\u00f6yledi.<\/p>\n<p>Tunus otoritelerinin vatanda\u015flar\u0131n ter\u00f6r gruplar\u0131na kat\u0131lmalar\u0131n\u0131 engellemek i\u00e7in b\u00fcy\u00fck bir \u00e7aba harcad\u0131\u011f\u0131n\u0131 s\u00f6yleyen Binciddo; Tunus s\u0131n\u0131rlar\u0131nda bulunan ter\u00f6r gruplar\u0131n\u0131n Kaide \u00d6rg\u00fct\u00fcne tabi olduklar\u0131n\u0131 belirtti.<\/p>\n<p>&nbsp;<\/p>\n","protected":false},"excerpt":{"rendered":"<p>TUNUS \u2013 Tunus \u0130\u00e7i\u015fleri Bakan\u0131 Lutfi Binciddo; Suriye&#8217;de silahl\u0131 ter\u00f6r gruplar\u0131 saflar\u0131na kat\u0131lan Tunuslu vatanda\u015flar\u0131n say\u0131s\u0131n\u0131n 2400\u2019\u00fc a\u015ft\u0131\u011f\u0131n\u0131 ikrar etti. Binciddo d\u00fcn ak\u015fam bas\u0131na yapt\u0131\u011f\u0131 a\u00e7\u0131klamada; Tunsu otoritelerinin ter\u00f6r gruplar\u0131 saflar\u0131na kat\u0131lmak amac\u0131yla Suriye&#8217;ye gitmek isteyen 8700 ila 8800 Tunusluyu engelledi\u011fini s\u00f6yledi. Tunus otoritelerinin vatanda\u015flar\u0131n ter\u00f6r gruplar\u0131na kat\u0131lmalar\u0131n\u0131 engellemek i\u00e7in b\u00fcy\u00fck bir \u00e7aba harcad\u0131\u011f\u0131n\u0131 s\u00f6yleyen &hellip;<\/p>\n","protected":false},"author":1,"featured_media":3779,"comment_status":"closed","ping_status":"closed","sticky":false,"template":"","format":"standard","meta":{"footnotes":""},"categories":[458,459,575],"tags":[825],"class_list":["post-3778","post","type-post","status-publish","format-standard","has-post-thumbnail","","category-dunya1","category-haberler-arap-uluslararasi-politika","category-olaylar-ve-gercekler","tag-icisleri-bakani-itiraf-etti"],"_links":{"self":[{"href":"https:\/\/archive.sana.sy\/tr\/index.php?rest_route=\/wp\/v2\/posts\/3778","targetHints":{"allow":["GET"]}}],"collection":[{"href":"https:\/\/archive.sana.sy\/tr\/index.php?rest_route=\/wp\/v2\/posts"}],"about":[{"href":"https:\/\/archive.sana.sy\/tr\/index.php?rest_route=\/wp\/v2\/types\/post"}],"author":[{"embeddable":true,"href":"https:\/\/archive.sana.sy\/tr\/index.php?rest_route=\/wp\/v2\/users\/1"}],"replies":[{"embeddable":true,"href":"https:\/\/archive.sana.sy\/tr\/index.php?rest_route=%2Fwp%2Fv2%2Fcomments&post=3778"}],"version-history":[{"count":0,"href":"https:\/\/archive.sana.sy\/tr\/index.php?rest_route=\/wp\/v2\/posts\/3778\/revisions"}],"wp:featuredmedia":[{"embeddable":true,"href":"https:\/\/archive.sana.sy\/tr\/index.php?rest_route=\/wp\/v2\/media\/3779"}],"wp:attachment":[{"href":"https:\/\/archive.sana.sy\/tr\/index.php?rest_route=%2Fwp%2Fv2%2Fmedia&parent=3778"}],"wp:term":[{"taxonomy":"category","embeddable":true,"href":"https:\/\/archive.sana.sy\/tr\/index.php?rest_route=%2Fwp%2Fv2%2Fcategories&post=3778"},{"taxonomy":"post_tag","embeddable":true,"href":"https:\/\/archive.sana.sy\/tr\/index.php?rest_route=%2Fwp%2Fv2%2Ftags&post=3778"}],"curies":[{"name":"wp","href":"https:\/\/api.w.org\/{rel}","templated":true}]}}