{"id":37792,"date":"2015-06-21T17:08:33","date_gmt":"2015-06-21T14:08:33","guid":{"rendered":"http:\/\/sana.sy\/tr\/?p=37792"},"modified":"2015-06-22T13:13:51","modified_gmt":"2015-06-22T10:13:51","slug":"ziyaretim-teror-ve-kacakcilikla-mucadelede-isbirligini-pekistirme-amaci-tasiyor","status":"publish","type":"post","link":"https:\/\/archive.sana.sy\/tr\/?p=37792","title":{"rendered":"Ziyaretim Ter\u00f6r ve Ka\u00e7ak\u00e7\u0131l\u0131kla M\u00fccadelede \u0130\u015fbirli\u011fini Peki\u015ftirme Amac\u0131 Ta\u015f\u0131yor"},"content":{"rendered":"<p>TAHRAN \u2013 \u0130ran\u2019\u0131n ba\u015fkenti Tahran\u2019a iki g\u00fcnl\u00fck i\u015f gezisinde bulunan \u0130\u00e7i\u015fleri Bakan\u0131 Muhammed el \u015eear; b\u00f6lgenin maruz kald\u0131\u011f\u0131 meydan okumalar ve bu kritik s\u00fcre\u00e7 i\u00e7inde Suriye ve \u0130ran aras\u0131ndaki koordinasyon ve i\u015fbirli\u011finin peki\u015ftirilmesi \u00f6nemini belirtti.<\/p>\n<p><a href=\"http:\/\/sana.sy\/tr\/wp-content\/uploads\/2015\/06\/i\u00e7i\u015fleri-Bakan\u0131-1.jpg\"><img loading=\"lazy\" decoding=\"async\" class=\" size-medium wp-image-37794 alignright\" src=\"http:\/\/sana.sy\/tr\/wp-content\/uploads\/2015\/06\/i\u00e7i\u015fleri-Bakan\u0131-1-300x200.jpg\" alt=\"i\u00e7i\u015fleri Bakan\u0131 1\" width=\"300\" height=\"200\" srcset=\"https:\/\/archive.sana.sy\/tr\/wp-content\/uploads\/2015\/06\/i\u00e7i\u015fleri-Bakan\u0131-1-300x200.jpg 300w, https:\/\/archive.sana.sy\/tr\/wp-content\/uploads\/2015\/06\/i\u00e7i\u015fleri-Bakan\u0131-1-150x100.jpg 150w, https:\/\/archive.sana.sy\/tr\/wp-content\/uploads\/2015\/06\/i\u00e7i\u015fleri-Bakan\u0131-1.jpg 500w\" sizes=\"auto, (max-width: 300px) 100vw, 300px\" \/><\/a>Tahran\u2019a ula\u015fmas\u0131 ard\u0131ndan yapt\u0131\u011f\u0131 a\u00e7\u0131klamada \u015eear; b\u00f6lgenin kar\u015f\u0131 kar\u015f\u0131ya oldu\u011fu s\u0131n\u0131rlar \u00f6tesi ter\u00f6r\u00fcn t\u00fcm b\u00f6lgeyi ve hatta d\u00fcnyay\u0131 ciddi bir \u015fekilde tehdit etti\u011fine dikkat \u00e7ekti.<\/p>\n<p>Bakan \u015eear Tahran ziyaretinin \u00f6zellikle organize su\u00e7lar, gayr\u0131 me\u015fru hicret, tarihi eser ve uyu\u015fturucu ka\u00e7ak\u00e7\u0131l\u0131\u011f\u0131n\u0131n yan\u0131 s\u0131ra ter\u00f6r ve tekfircili\u011fe kar\u015f\u0131 m\u00fccadelede iki \u00fclke aras\u0131ndaki stratejik i\u015fbirli\u011fi ve koordinasyonu peki\u015ftirme amac\u0131 ta\u015f\u0131d\u0131\u011f\u0131n\u0131 a\u00e7\u0131klad\u0131.<\/p>\n<p>\u0130ranl\u0131 mevkida\u015f\u0131 Abd el R\u0131za Rahmani Fazl\u0131\u2019n\u0131n daveti \u00fczerine Tahran\u2019\u0131 ziyaret eden \u0130\u00e7i\u015fleri Bakan\u0131 \u015eear\u2019\u0131n Tahran\u2019da \u00fcst d\u00fczey yetkililerle bir dizi temaslarda bulunmas\u0131 bekleniyor.<\/p>\n<p>A.A. &#8211; R.H.<\/p>\n","protected":false},"excerpt":{"rendered":"<p>TAHRAN \u2013 \u0130ran\u2019\u0131n ba\u015fkenti Tahran\u2019a iki g\u00fcnl\u00fck i\u015f gezisinde bulunan \u0130\u00e7i\u015fleri Bakan\u0131 Muhammed el \u015eear; b\u00f6lgenin maruz kald\u0131\u011f\u0131 meydan okumalar ve bu kritik s\u00fcre\u00e7 i\u00e7inde Suriye ve \u0130ran aras\u0131ndaki koordinasyon ve i\u015fbirli\u011finin peki\u015ftirilmesi \u00f6nemini belirtti. Tahran\u2019a ula\u015fmas\u0131 ard\u0131ndan yapt\u0131\u011f\u0131 a\u00e7\u0131klamada \u015eear; b\u00f6lgenin kar\u015f\u0131 kar\u015f\u0131ya oldu\u011fu s\u0131n\u0131rlar \u00f6tesi ter\u00f6r\u00fcn t\u00fcm b\u00f6lgeyi ve hatta d\u00fcnyay\u0131 ciddi bir &hellip;<\/p>\n","protected":false},"author":1,"featured_media":37793,"comment_status":"closed","ping_status":"closed","sticky":false,"template":"","format":"standard","meta":{"footnotes":""},"categories":[458,459,447],"tags":[],"class_list":["post-37792","post","type-post","status-publish","format-standard","has-post-thumbnail","","category-dunya1","category-haberler-arap-uluslararasi-politika","category-politika"],"_links":{"self":[{"href":"https:\/\/archive.sana.sy\/tr\/index.php?rest_route=\/wp\/v2\/posts\/37792","targetHints":{"allow":["GET"]}}],"collection":[{"href":"https:\/\/archive.sana.sy\/tr\/index.php?rest_route=\/wp\/v2\/posts"}],"about":[{"href":"https:\/\/archive.sana.sy\/tr\/index.php?rest_route=\/wp\/v2\/types\/post"}],"author":[{"embeddable":true,"href":"https:\/\/archive.sana.sy\/tr\/index.php?rest_route=\/wp\/v2\/users\/1"}],"replies":[{"embeddable":true,"href":"https:\/\/archive.sana.sy\/tr\/index.php?rest_route=%2Fwp%2Fv2%2Fcomments&post=37792"}],"version-history":[{"count":0,"href":"https:\/\/archive.sana.sy\/tr\/index.php?rest_route=\/wp\/v2\/posts\/37792\/revisions"}],"wp:featuredmedia":[{"embeddable":true,"href":"https:\/\/archive.sana.sy\/tr\/index.php?rest_route=\/wp\/v2\/media\/37793"}],"wp:attachment":[{"href":"https:\/\/archive.sana.sy\/tr\/index.php?rest_route=%2Fwp%2Fv2%2Fmedia&parent=37792"}],"wp:term":[{"taxonomy":"category","embeddable":true,"href":"https:\/\/archive.sana.sy\/tr\/index.php?rest_route=%2Fwp%2Fv2%2Fcategories&post=37792"},{"taxonomy":"post_tag","embeddable":true,"href":"https:\/\/archive.sana.sy\/tr\/index.php?rest_route=%2Fwp%2Fv2%2Ftags&post=37792"}],"curies":[{"name":"wp","href":"https:\/\/api.w.org\/{rel}","templated":true}]}}