{"id":3781,"date":"2014-06-24T13:25:57","date_gmt":"2014-06-24T10:25:57","guid":{"rendered":"http:\/\/www.sana.sy\/tr\/?p=3781"},"modified":"2014-06-24T13:25:57","modified_gmt":"2014-06-24T10:25:57","slug":"beyrutta-bombali-eylem","status":"publish","type":"post","link":"https:\/\/archive.sana.sy\/tr\/?p=3781","title":{"rendered":"Beyrut\u2019ta Bombal\u0131 Eylem"},"content":{"rendered":"<p>BEYRUT \u2013 L\u00fcbnan&#8217;\u0131n ba\u015fkenti Beyrut\u2019un g\u00fcney banliy\u00f6s\u00fc giri\u015finde intihar eylemcisi bir ter\u00f6rist bomba y\u00fckl\u00fc bir arac\u0131 havaya u\u00e7urdu.<\/p>\n<p>L\u00fcbnan Ulusal Enformasyon Ajans\u0131 bombal\u0131 ter\u00f6r eyleminde L\u00fcbnan kamu g\u00fcvenlik cihaz\u0131nda ikinci m\u00fcfetti\u015f Abd\u00fclkerim Hadrac\u2019\u0131n ya\u015fam\u0131n\u0131 yitirdi\u011fini aktard\u0131.<\/p>\n<p>Ajans haberinde bombal\u0131 arac\u0131 havaya u\u00e7uran intihar eylemcisi ter\u00f6ristin cesedinin patlama \u015fiddetinden civarda bulunan bir binan\u0131n d\u00f6rd\u00fcnc\u00fc kat\u0131na u\u00e7tu\u011funu s\u00f6ylerken, ceset par\u00e7alar\u0131n\u0131n bina balkonundan topland\u0131\u011f\u0131n\u0131 ifade etti.<\/p>\n<p>L\u00fcbnanl\u0131 t\u0131bbi kaynaklar patlamada 12 vatanda\u015f\u0131n yaraland\u0131\u011f\u0131n\u0131 a\u00e7\u0131klad\u0131.<\/p>\n<p>L\u00fcbnanl\u0131 medya ara\u00e7lar\u0131 bombal\u0131 ter\u00f6r eyleminin L\u00fcbnan ordusunun bir askeri barikat\u0131 ve bir halk kahvehanesi yak\u0131nlar\u0131nda meydana geldi\u011fini aktard\u0131.<\/p>\n","protected":false},"excerpt":{"rendered":"<p>BEYRUT \u2013 L\u00fcbnan&#8217;\u0131n ba\u015fkenti Beyrut\u2019un g\u00fcney banliy\u00f6s\u00fc giri\u015finde intihar eylemcisi bir ter\u00f6rist bomba y\u00fckl\u00fc bir arac\u0131 havaya u\u00e7urdu. L\u00fcbnan Ulusal Enformasyon Ajans\u0131 bombal\u0131 ter\u00f6r eyleminde L\u00fcbnan kamu g\u00fcvenlik cihaz\u0131nda ikinci m\u00fcfetti\u015f Abd\u00fclkerim Hadrac\u2019\u0131n ya\u015fam\u0131n\u0131 yitirdi\u011fini aktard\u0131. Ajans haberinde bombal\u0131 arac\u0131 havaya u\u00e7uran intihar eylemcisi ter\u00f6ristin cesedinin patlama \u015fiddetinden civarda bulunan bir binan\u0131n d\u00f6rd\u00fcnc\u00fc kat\u0131na u\u00e7tu\u011funu &hellip;<\/p>\n","protected":false},"author":1,"featured_media":3782,"comment_status":"closed","ping_status":"closed","sticky":false,"template":"","format":"standard","meta":{"footnotes":""},"categories":[458,459],"tags":[826],"class_list":["post-3781","post","type-post","status-publish","format-standard","has-post-thumbnail","","category-dunya1","category-haberler-arap-uluslararasi-politika","tag-beyrutta-bombali-eylem"],"_links":{"self":[{"href":"https:\/\/archive.sana.sy\/tr\/index.php?rest_route=\/wp\/v2\/posts\/3781","targetHints":{"allow":["GET"]}}],"collection":[{"href":"https:\/\/archive.sana.sy\/tr\/index.php?rest_route=\/wp\/v2\/posts"}],"about":[{"href":"https:\/\/archive.sana.sy\/tr\/index.php?rest_route=\/wp\/v2\/types\/post"}],"author":[{"embeddable":true,"href":"https:\/\/archive.sana.sy\/tr\/index.php?rest_route=\/wp\/v2\/users\/1"}],"replies":[{"embeddable":true,"href":"https:\/\/archive.sana.sy\/tr\/index.php?rest_route=%2Fwp%2Fv2%2Fcomments&post=3781"}],"version-history":[{"count":0,"href":"https:\/\/archive.sana.sy\/tr\/index.php?rest_route=\/wp\/v2\/posts\/3781\/revisions"}],"wp:featuredmedia":[{"embeddable":true,"href":"https:\/\/archive.sana.sy\/tr\/index.php?rest_route=\/wp\/v2\/media\/3782"}],"wp:attachment":[{"href":"https:\/\/archive.sana.sy\/tr\/index.php?rest_route=%2Fwp%2Fv2%2Fmedia&parent=3781"}],"wp:term":[{"taxonomy":"category","embeddable":true,"href":"https:\/\/archive.sana.sy\/tr\/index.php?rest_route=%2Fwp%2Fv2%2Fcategories&post=3781"},{"taxonomy":"post_tag","embeddable":true,"href":"https:\/\/archive.sana.sy\/tr\/index.php?rest_route=%2Fwp%2Fv2%2Ftags&post=3781"}],"curies":[{"name":"wp","href":"https:\/\/api.w.org\/{rel}","templated":true}]}}