{"id":3784,"date":"2014-06-24T13:37:16","date_gmt":"2014-06-24T10:37:16","guid":{"rendered":"http:\/\/www.sana.sy\/tr\/?p=3784"},"modified":"2014-06-24T13:37:16","modified_gmt":"2014-06-24T10:37:16","slug":"ban-herkes-bu-iradeyi-ornek-almalidir","status":"publish","type":"post","link":"https:\/\/archive.sana.sy\/tr\/?p=3784","title":{"rendered":"Ban: Herkes Bu \u0130radeyi \u00d6rnek Almal\u0131d\u0131r"},"content":{"rendered":"<p>NEW YORK \u2013 Birle\u015fmi\u015f Milletler Genel Sekreteri Ban Ki-moon, Suriye&#8217;deki kimyasal maddelerin \u00fclke topraklar\u0131 d\u0131\u015f\u0131na tahliye edilmesi \u00e7al\u0131\u015fmalar\u0131nda Suriye h\u00fck\u00fcmetinin sergiledi\u011fi i\u015fbirli\u011fini \u00f6vd\u00fc.<\/p>\n<p>Ban d\u00fcn yay\u0131nlad\u0131\u011f\u0131 ve AFP\u2019nin aktard\u0131\u011f\u0131 beyan\u0131nda; Suriye h\u00fck\u00fcmetinin i\u015fbirli\u011finin takdire \u015fayan oldu\u011funu belirterek, bu ba\u011flamda BM ve Uluslararas\u0131 Kimyasal Silahlar\u0131 Yasaklama \u00d6rg\u00fct\u00fcn\u00fcn ortak komisyonuna ilaveten destek ve yard\u0131mlarda bulunan t\u00fcm devletlere \u015f\u00fckranlar\u0131n\u0131 ifade etti.<\/p>\n<p>Bu arada Suriye&#8217;deki kimyasal maddelerin yurtd\u0131\u015f\u0131nda itlaf edilmesi amac\u0131yla Suriye topraklar\u0131 d\u0131\u015f\u0131na \u00e7\u0131kar\u0131lmas\u0131 s\u00fcrecinde \u00c7in, Danimarka, Norve\u00e7, Rusya, \u0130ngiltere, ABD, K\u0131br\u0131s, L\u00fcbnan ve \u0130talya gemi, liman ve itlaf mevkileri teminine destek olmu\u015flard\u0131.<\/p>\n<p>Siyasi iradenin mevcut olmas\u0131 halinde bar\u0131\u015fa do\u011fru mutlaka bir ilerleme sa\u011flanaca\u011f\u0131na dikkat \u00e7eken Ban; Suriye dosyas\u0131yla ilgilenen t\u00fcm taraflar\u0131 bunu \u00f6rnek almalar\u0131na \u00e7a\u011f\u0131rd\u0131.<\/p>\n","protected":false},"excerpt":{"rendered":"<p>NEW YORK \u2013 Birle\u015fmi\u015f Milletler Genel Sekreteri Ban Ki-moon, Suriye&#8217;deki kimyasal maddelerin \u00fclke topraklar\u0131 d\u0131\u015f\u0131na tahliye edilmesi \u00e7al\u0131\u015fmalar\u0131nda Suriye h\u00fck\u00fcmetinin sergiledi\u011fi i\u015fbirli\u011fini \u00f6vd\u00fc. Ban d\u00fcn yay\u0131nlad\u0131\u011f\u0131 ve AFP\u2019nin aktard\u0131\u011f\u0131 beyan\u0131nda; Suriye h\u00fck\u00fcmetinin i\u015fbirli\u011finin takdire \u015fayan oldu\u011funu belirterek, bu ba\u011flamda BM ve Uluslararas\u0131 Kimyasal Silahlar\u0131 Yasaklama \u00d6rg\u00fct\u00fcn\u00fcn ortak komisyonuna ilaveten destek ve yard\u0131mlarda bulunan t\u00fcm devletlere &hellip;<\/p>\n","protected":false},"author":1,"featured_media":3785,"comment_status":"closed","ping_status":"closed","sticky":false,"template":"","format":"standard","meta":{"footnotes":""},"categories":[458,459,447],"tags":[827],"class_list":["post-3784","post","type-post","status-publish","format-standard","has-post-thumbnail","","category-dunya1","category-haberler-arap-uluslararasi-politika","category-politika","tag-ban-herkes-bu-iradeyi-ornek-almalidir"],"_links":{"self":[{"href":"https:\/\/archive.sana.sy\/tr\/index.php?rest_route=\/wp\/v2\/posts\/3784","targetHints":{"allow":["GET"]}}],"collection":[{"href":"https:\/\/archive.sana.sy\/tr\/index.php?rest_route=\/wp\/v2\/posts"}],"about":[{"href":"https:\/\/archive.sana.sy\/tr\/index.php?rest_route=\/wp\/v2\/types\/post"}],"author":[{"embeddable":true,"href":"https:\/\/archive.sana.sy\/tr\/index.php?rest_route=\/wp\/v2\/users\/1"}],"replies":[{"embeddable":true,"href":"https:\/\/archive.sana.sy\/tr\/index.php?rest_route=%2Fwp%2Fv2%2Fcomments&post=3784"}],"version-history":[{"count":0,"href":"https:\/\/archive.sana.sy\/tr\/index.php?rest_route=\/wp\/v2\/posts\/3784\/revisions"}],"wp:featuredmedia":[{"embeddable":true,"href":"https:\/\/archive.sana.sy\/tr\/index.php?rest_route=\/wp\/v2\/media\/3785"}],"wp:attachment":[{"href":"https:\/\/archive.sana.sy\/tr\/index.php?rest_route=%2Fwp%2Fv2%2Fmedia&parent=3784"}],"wp:term":[{"taxonomy":"category","embeddable":true,"href":"https:\/\/archive.sana.sy\/tr\/index.php?rest_route=%2Fwp%2Fv2%2Fcategories&post=3784"},{"taxonomy":"post_tag","embeddable":true,"href":"https:\/\/archive.sana.sy\/tr\/index.php?rest_route=%2Fwp%2Fv2%2Ftags&post=3784"}],"curies":[{"name":"wp","href":"https:\/\/api.w.org\/{rel}","templated":true}]}}