{"id":37899,"date":"2015-06-23T10:22:37","date_gmt":"2015-06-23T07:22:37","guid":{"rendered":"http:\/\/sana.sy\/tr\/?p=37899"},"modified":"2015-06-23T10:22:37","modified_gmt":"2015-06-23T07:22:37","slug":"koy-sakinleri-topraklarini-sonuna-kadar-savunacaklarini-ifade-ettiler-2","status":"publish","type":"post","link":"https:\/\/archive.sana.sy\/tr\/?p=37899","title":{"rendered":"K\u00f6y Sakinleri Topraklar\u0131n\u0131 Sonuna Kadar Savunacaklar\u0131n\u0131 \u0130fade Ettiler"},"content":{"rendered":"<p>KUNAYTRA \u2013 Kunaytra K\u0131rsal\u0131n\u0131n Ceba K\u00f6y\u00fc sakinleri topraklar\u0131na ba\u011fl\u0131 kalacaklar\u0131n\u0131 ve kahraman ordu birliklerimizle birlikte topraklar\u0131n\u0131, silahl\u0131 ter\u00f6r gruplar\u0131na kar\u015f\u0131, sonuna kadar savunacaklar\u0131n\u0131 ifade ettiler.<\/p>\n<p>Bug\u00fcn Kunaytra Valisi Ahmet \u015eeyh Abd\u00fclkadir ile bir toplant\u0131 yapan k\u00f6y sakinleri ter\u00f6r sald\u0131r\u0131lar\u0131 sonucu \u015febekelerin hasar g\u00f6rmesiyle ortaya \u00e7\u0131kan i\u00e7me suyu sorununun \u00e7\u00f6z\u00fcm\u00fc ile ilgili g\u00f6r\u00fc\u015f al\u0131\u015fveri\u015finde bulunarak acil ihtiya\u00e7 bulunan b\u00f6lgelere i\u00e7me suyu tankeri g\u00f6nderilmesi talebinde bulundular.<\/p>\n<p>K\u00f6ydeki sa\u011fl\u0131k merkezinin hem\u015fireler ve sa\u011fl\u0131k g\u00f6revlileri ile desteklenmesi gere\u011fini dile getiren k\u00f6y sakinleri ter\u00f6r sald\u0131r\u0131lar\u0131 sonucu ilk yard\u0131m ve acil m\u00fcdahale edilmesi gereken vakalar\u0131n s\u0131k ve yo\u011fun bir \u015fekilde g\u00f6r\u00fclmeye ba\u015flad\u0131\u011f\u0131n\u0131 belirttiler.<\/p>\n<p>F.B. &#8211; R.H.<\/p>\n","protected":false},"excerpt":{"rendered":"<p>KUNAYTRA \u2013 Kunaytra K\u0131rsal\u0131n\u0131n Ceba K\u00f6y\u00fc sakinleri topraklar\u0131na ba\u011fl\u0131 kalacaklar\u0131n\u0131 ve kahraman ordu birliklerimizle birlikte topraklar\u0131n\u0131, silahl\u0131 ter\u00f6r gruplar\u0131na kar\u015f\u0131, sonuna kadar savunacaklar\u0131n\u0131 ifade ettiler. Bug\u00fcn Kunaytra Valisi Ahmet \u015eeyh Abd\u00fclkadir ile bir toplant\u0131 yapan k\u00f6y sakinleri ter\u00f6r sald\u0131r\u0131lar\u0131 sonucu \u015febekelerin hasar g\u00f6rmesiyle ortaya \u00e7\u0131kan i\u00e7me suyu sorununun \u00e7\u00f6z\u00fcm\u00fc ile ilgili g\u00f6r\u00fc\u015f al\u0131\u015fveri\u015finde bulunarak acil &hellip;<\/p>\n","protected":false},"author":1,"featured_media":37900,"comment_status":"closed","ping_status":"closed","sticky":false,"template":"","format":"standard","meta":{"footnotes":""},"categories":[479,478],"tags":[],"class_list":["post-37899","post","type-post","status-publish","format-standard","has-post-thumbnail","","category-haberler-yerel","category-yerel"],"_links":{"self":[{"href":"https:\/\/archive.sana.sy\/tr\/index.php?rest_route=\/wp\/v2\/posts\/37899","targetHints":{"allow":["GET"]}}],"collection":[{"href":"https:\/\/archive.sana.sy\/tr\/index.php?rest_route=\/wp\/v2\/posts"}],"about":[{"href":"https:\/\/archive.sana.sy\/tr\/index.php?rest_route=\/wp\/v2\/types\/post"}],"author":[{"embeddable":true,"href":"https:\/\/archive.sana.sy\/tr\/index.php?rest_route=\/wp\/v2\/users\/1"}],"replies":[{"embeddable":true,"href":"https:\/\/archive.sana.sy\/tr\/index.php?rest_route=%2Fwp%2Fv2%2Fcomments&post=37899"}],"version-history":[{"count":0,"href":"https:\/\/archive.sana.sy\/tr\/index.php?rest_route=\/wp\/v2\/posts\/37899\/revisions"}],"wp:featuredmedia":[{"embeddable":true,"href":"https:\/\/archive.sana.sy\/tr\/index.php?rest_route=\/wp\/v2\/media\/37900"}],"wp:attachment":[{"href":"https:\/\/archive.sana.sy\/tr\/index.php?rest_route=%2Fwp%2Fv2%2Fmedia&parent=37899"}],"wp:term":[{"taxonomy":"category","embeddable":true,"href":"https:\/\/archive.sana.sy\/tr\/index.php?rest_route=%2Fwp%2Fv2%2Fcategories&post=37899"},{"taxonomy":"post_tag","embeddable":true,"href":"https:\/\/archive.sana.sy\/tr\/index.php?rest_route=%2Fwp%2Fv2%2Ftags&post=37899"}],"curies":[{"name":"wp","href":"https:\/\/api.w.org\/{rel}","templated":true}]}}