{"id":3793,"date":"2014-06-24T14:33:49","date_gmt":"2014-06-24T11:33:49","guid":{"rendered":"http:\/\/www.sana.sy\/tr\/?p=3793"},"modified":"2015-12-21T17:30:59","modified_gmt":"2015-12-21T15:30:59","slug":"pekin-suriyede-siyasi-cozume-buyuk-onem-veriyor","status":"publish","type":"post","link":"https:\/\/archive.sana.sy\/tr\/?p=3793","title":{"rendered":"Pekin Suriye\u2019de Siyasi \u00c7\u00f6z\u00fcme B\u00fcy\u00fck \u00d6nem Veriyor"},"content":{"rendered":"<p>PEK\u0130N \u2013 \u00c7in Halk Cumhuriyeti, Suriye\u2019de ya\u015fanmakta olan krizin siyasi y\u00f6ntemlerle \u00e7\u00f6z\u00fclmesini destekledi\u011fin yineleyerek Suriye\u2019nin gelece\u011finin Suriyeliler taraf\u0131ndan belirlenmesi gerekti\u011finin alt\u0131n\u0131 \u00e7izdi.<\/p>\n<p>\u00c7in Haber Ajans\u0131 Xinhua \u00c7in Halk Cumhuriyeti D\u0131\u015fi\u015fleri Bakanl\u0131\u011f\u0131 S\u00f6zc\u00fcs\u00fc Chun Yang\u2019\u0131n d\u00fcn d\u00fczenledi\u011fi bas\u0131n a\u00e7\u0131klamas\u0131nda, Pekin\u2019in Suriye\u2019de siyasi \u00e7\u00f6z\u00fcme ula\u015f\u0131lmas\u0131na b\u00fcy\u00fck bir \u00f6nem verdi\u011fini dile getirdi\u011fini aktard\u0131.<\/p>\n<p>Ter\u00f6r ve radikal g\u00fc\u00e7lerin yayg\u0131nla\u015fmas\u0131n\u0131n Suriye ve b\u00f6lge devletleri ve hatta b\u00fct\u00fcn i\u00e7in ciddi bir tehlike te\u015fkil etti\u011fine dikkat \u00e7eken Yang; uluslararas\u0131 topluma bu tehlikeye kar\u015f\u0131 duyarl\u0131 olma \u00e7a\u011fr\u0131s\u0131nda bulundu.<\/p>\n<p>&nbsp;<\/p>\n","protected":false},"excerpt":{"rendered":"<p>PEK\u0130N \u2013 \u00c7in Halk Cumhuriyeti, Suriye\u2019de ya\u015fanmakta olan krizin siyasi y\u00f6ntemlerle \u00e7\u00f6z\u00fclmesini destekledi\u011fin yineleyerek Suriye\u2019nin gelece\u011finin Suriyeliler taraf\u0131ndan belirlenmesi gerekti\u011finin alt\u0131n\u0131 \u00e7izdi. \u00c7in Haber Ajans\u0131 Xinhua \u00c7in Halk Cumhuriyeti D\u0131\u015fi\u015fleri Bakanl\u0131\u011f\u0131 S\u00f6zc\u00fcs\u00fc Chun Yang\u2019\u0131n d\u00fcn d\u00fczenledi\u011fi bas\u0131n a\u00e7\u0131klamas\u0131nda, Pekin\u2019in Suriye\u2019de siyasi \u00e7\u00f6z\u00fcme ula\u015f\u0131lmas\u0131na b\u00fcy\u00fck bir \u00f6nem verdi\u011fini dile getirdi\u011fini aktard\u0131. Ter\u00f6r ve radikal g\u00fc\u00e7lerin yayg\u0131nla\u015fmas\u0131n\u0131n &hellip;<\/p>\n","protected":false},"author":1,"featured_media":3798,"comment_status":"closed","ping_status":"closed","sticky":false,"template":"","format":"standard","meta":{"footnotes":""},"categories":[458,459,447],"tags":[830],"class_list":["post-3793","post","type-post","status-publish","format-standard","has-post-thumbnail","","category-dunya1","category-haberler-arap-uluslararasi-politika","category-politika","tag-pekin-suriyede-siyasi-cozume-buyuk-onem-veriyor"],"_links":{"self":[{"href":"https:\/\/archive.sana.sy\/tr\/index.php?rest_route=\/wp\/v2\/posts\/3793","targetHints":{"allow":["GET"]}}],"collection":[{"href":"https:\/\/archive.sana.sy\/tr\/index.php?rest_route=\/wp\/v2\/posts"}],"about":[{"href":"https:\/\/archive.sana.sy\/tr\/index.php?rest_route=\/wp\/v2\/types\/post"}],"author":[{"embeddable":true,"href":"https:\/\/archive.sana.sy\/tr\/index.php?rest_route=\/wp\/v2\/users\/1"}],"replies":[{"embeddable":true,"href":"https:\/\/archive.sana.sy\/tr\/index.php?rest_route=%2Fwp%2Fv2%2Fcomments&post=3793"}],"version-history":[{"count":0,"href":"https:\/\/archive.sana.sy\/tr\/index.php?rest_route=\/wp\/v2\/posts\/3793\/revisions"}],"wp:featuredmedia":[{"embeddable":true,"href":"https:\/\/archive.sana.sy\/tr\/index.php?rest_route=\/wp\/v2\/media\/3798"}],"wp:attachment":[{"href":"https:\/\/archive.sana.sy\/tr\/index.php?rest_route=%2Fwp%2Fv2%2Fmedia&parent=3793"}],"wp:term":[{"taxonomy":"category","embeddable":true,"href":"https:\/\/archive.sana.sy\/tr\/index.php?rest_route=%2Fwp%2Fv2%2Fcategories&post=3793"},{"taxonomy":"post_tag","embeddable":true,"href":"https:\/\/archive.sana.sy\/tr\/index.php?rest_route=%2Fwp%2Fv2%2Ftags&post=3793"}],"curies":[{"name":"wp","href":"https:\/\/api.w.org\/{rel}","templated":true}]}}