{"id":3800,"date":"2014-06-24T14:42:13","date_gmt":"2014-06-24T11:42:13","guid":{"rendered":"http:\/\/www.sana.sy\/tr\/?p=3800"},"modified":"2014-06-24T14:42:13","modified_gmt":"2014-06-24T11:42:13","slug":"katar-iside-katilmak-uzere-1800-terorist-hazir","status":"publish","type":"post","link":"https:\/\/archive.sana.sy\/tr\/?p=3800","title":{"rendered":"Katar: \u0130\u015e\u0130D\u2019e Kat\u0131lmak \u00dczere 1800 Ter\u00f6rist Haz\u0131r"},"content":{"rendered":"<p>TRABLUS \u2013 Ba\u015fta ABD, Fransa, T\u00fcrkiye, Suudi Arabistan ve Katar olmak \u00fczere ter\u00f6r\u00fc destekleyen devletler askeri e\u011fitim kamplar\u0131, finans, istihbarat ve envai \u00e7e\u015fit desteklerini s\u00fcrd\u00fcr\u00fcyorlar.<\/p>\n<p>Libya\u2019n\u0131n ba\u015fkenti Trablus\u2019ta Katar \u015eeyhli\u011fi taraf\u0131ndan haz\u0131rlanm\u0131\u015f bir belge Fas ve Kuzey Afrika b\u00f6lgelerinden \u201cIrak ve \u015eam\u2019da \u0130slam Devleti\u201d (\u0130\u015e\u0130D) isimli ter\u00f6r \u00f6rg\u00fct\u00fcne kat\u0131lmak \u00fczere 1800 ter\u00f6rist haz\u0131rland\u0131\u011f\u0131n\u0131 ortaya \u00e7\u0131kard\u0131.<\/p>\n<p>Fas\u2019ta Katar B\u00fcy\u00fckel\u00e7ili\u011fi Maslahatg\u00fczar\u0131 Nayif Abdullah el \u0130madi imzas\u0131yla internet sitesinde yay\u0131nlanan belgede s\u00f6z konusu ter\u00f6r unsurlar\u0131n\u0131n askeri e\u011fitimleri d\u00e2hil her anlamda haz\u0131r olduklar\u0131 ifade ediliyor.<\/p>\n<p>Belgede, \u00fclkesine 1800 ter\u00f6risti \u00fc\u00e7 grup \u015feklinde Libya ve T\u00fcrkiye limanlar\u0131 \u00fczerinden Irak\u2019a g\u00f6nderme \u00f6nerisinde bulunan \u0130madi; ter\u00f6ristlerin ald\u0131klar\u0131 askeri e\u011fitim kapsam\u0131nda a\u011f\u0131r silahlar kullanmay\u0131 da \u00f6\u011frendiklerine dikkat \u00e7ekti.<\/p>\n","protected":false},"excerpt":{"rendered":"<p>TRABLUS \u2013 Ba\u015fta ABD, Fransa, T\u00fcrkiye, Suudi Arabistan ve Katar olmak \u00fczere ter\u00f6r\u00fc destekleyen devletler askeri e\u011fitim kamplar\u0131, finans, istihbarat ve envai \u00e7e\u015fit desteklerini s\u00fcrd\u00fcr\u00fcyorlar. Libya\u2019n\u0131n ba\u015fkenti Trablus\u2019ta Katar \u015eeyhli\u011fi taraf\u0131ndan haz\u0131rlanm\u0131\u015f bir belge Fas ve Kuzey Afrika b\u00f6lgelerinden \u201cIrak ve \u015eam\u2019da \u0130slam Devleti\u201d (\u0130\u015e\u0130D) isimli ter\u00f6r \u00f6rg\u00fct\u00fcne kat\u0131lmak \u00fczere 1800 ter\u00f6rist haz\u0131rland\u0131\u011f\u0131n\u0131 ortaya \u00e7\u0131kard\u0131. &hellip;<\/p>\n","protected":false},"author":1,"featured_media":3801,"comment_status":"closed","ping_status":"closed","sticky":false,"template":"","format":"standard","meta":{"footnotes":""},"categories":[458,459,447],"tags":[831],"class_list":["post-3800","post","type-post","status-publish","format-standard","has-post-thumbnail","","category-dunya1","category-haberler-arap-uluslararasi-politika","category-politika","tag-katar-iside-katilmak-uzere-1800-terorist-hazir"],"_links":{"self":[{"href":"https:\/\/archive.sana.sy\/tr\/index.php?rest_route=\/wp\/v2\/posts\/3800","targetHints":{"allow":["GET"]}}],"collection":[{"href":"https:\/\/archive.sana.sy\/tr\/index.php?rest_route=\/wp\/v2\/posts"}],"about":[{"href":"https:\/\/archive.sana.sy\/tr\/index.php?rest_route=\/wp\/v2\/types\/post"}],"author":[{"embeddable":true,"href":"https:\/\/archive.sana.sy\/tr\/index.php?rest_route=\/wp\/v2\/users\/1"}],"replies":[{"embeddable":true,"href":"https:\/\/archive.sana.sy\/tr\/index.php?rest_route=%2Fwp%2Fv2%2Fcomments&post=3800"}],"version-history":[{"count":0,"href":"https:\/\/archive.sana.sy\/tr\/index.php?rest_route=\/wp\/v2\/posts\/3800\/revisions"}],"wp:featuredmedia":[{"embeddable":true,"href":"https:\/\/archive.sana.sy\/tr\/index.php?rest_route=\/wp\/v2\/media\/3801"}],"wp:attachment":[{"href":"https:\/\/archive.sana.sy\/tr\/index.php?rest_route=%2Fwp%2Fv2%2Fmedia&parent=3800"}],"wp:term":[{"taxonomy":"category","embeddable":true,"href":"https:\/\/archive.sana.sy\/tr\/index.php?rest_route=%2Fwp%2Fv2%2Fcategories&post=3800"},{"taxonomy":"post_tag","embeddable":true,"href":"https:\/\/archive.sana.sy\/tr\/index.php?rest_route=%2Fwp%2Fv2%2Ftags&post=3800"}],"curies":[{"name":"wp","href":"https:\/\/api.w.org\/{rel}","templated":true}]}}