{"id":38029,"date":"2015-06-24T11:30:42","date_gmt":"2015-06-24T08:30:42","guid":{"rendered":"http:\/\/sana.sy\/tr\/?p=38029"},"modified":"2015-06-24T12:15:52","modified_gmt":"2015-06-24T09:15:52","slug":"ala-uluslararasi-sorusturma-komisyonu-suriye-hukumetine-karsi-tarafli-ve-onyargili-bir-cizgi-izliyor","status":"publish","type":"post","link":"https:\/\/archive.sana.sy\/tr\/?p=38029","title":{"rendered":"Ala: Uluslararas\u0131 Soru\u015fturma Komisyonu Suriye H\u00fck\u00fcmetine Kar\u015f\u0131 Tarafl\u0131 ve \u00d6nyarg\u0131l\u0131 Bir \u00c7izgi \u0130zliyor"},"content":{"rendered":"<p>CENEVRE \u2013 Suriye&#8217;nin BM Cenevre Karargah\u0131nda Daimi Temsilcisi H\u00fcsamettin Ala, Suriye ile ilgili uluslararas\u0131 soru\u015fturma komisyonunun \u00e7al\u0131\u015fmalar\u0131nda Suriye h\u00fck\u00fcmetine kar\u015f\u0131 tarafl\u0131 ve \u00f6n yarg\u0131l\u0131 bir \u00e7izgi izledi\u011fini ifade etti.<\/p>\n<p>BM \u0130nsan Haklar\u0131 Komisyonunun 29. D\u00f6nem Ola\u011fan Faaliyetleri \u00e7er\u00e7evesinde BM Suriye Soru\u015fturma Komisyonunun d\u00fcn Cenevre\u2019de d\u00fczenledi\u011fi\u00a0 ve \u015eam ve Halep\u2019te d\u00fczenlenen roket ve havan sald\u0131r\u0131lar\u0131na ili\u015fkin haz\u0131rlanan raporun incelendi\u011fi toplant\u0131ya kat\u0131lan Ala, kimi taraflar\u0131n \u201c\u0131l\u0131ml\u0131 muhalefet\u201d olarak isimlendirdi\u011fi ter\u00f6r gruplar\u0131n\u0131n d\u00fczenledi\u011fi sald\u0131r\u0131lar\u0131n onlarca masum insan\u0131n \u015fehit d\u00fc\u015fmesine neden oldu\u011funu beyan etti.<\/p>\n<p>T\u00fcrkiye taraf\u0131ndan desteklenen Nusra Cephesi ve I\u015e\u0130D ter\u00f6r \u00f6rg\u00fctlerinin \u015eam, Halep, \u0130dlib, Tedmur ve daha bir\u00e7ok ilde d\u00fczenledikleri sald\u0131r\u0131lar sonucunda \u00e7o\u011fu \u00e7ocuk ve kad\u0131nlardan olu\u015fan onlarca insan\u0131n hayat\u0131n\u0131 kaybetti\u011fine dikkat \u00e7eken Ala, b\u00fct\u00fcn bu vah\u015fetin Soru\u015fturma Komisyonu raporlar\u0131nda yer almamas\u0131n\u0131n bu komisyonun tarafl\u0131 oldu\u011funun kan\u0131t\u0131 oldu\u011funu belirtti.<\/p>\n<p>Suriye h\u00fck\u00fcmetinin, silahl\u0131 ter\u00f6r gruplar\u0131n\u0131n i\u015fledikleri katliamlarla ilgili sundu\u011fu bilgilerin g\u00f6rmezden gelinmesinin s\u00fcrmesinin soru\u015fturma komisyonunun 4 y\u0131ld\u0131r izledi\u011fi tarafl\u0131 ve \u00f6n yarg\u0131l\u0131 \u00e7izgisini s\u00fcrd\u00fcrd\u00fc\u011f\u00fcne i\u015faret etti\u011fine de\u011finen Ala, bu \u00e7izginin yalan yanl\u0131\u015f bilgilere dayanarak Suriye devletini zan alt\u0131nda b\u0131rakmay\u0131 ve d\u00fcnya kamuoyu nezdinde karalamay\u0131 ama\u00e7lad\u0131\u011f\u0131n\u0131 belirtti.<\/p>\n<p>Soru\u015fturma komisyonu raporlar\u0131nda, okul ve hastane gibi sivil kurumlar\u0131n hedef al\u0131nmas\u0131, insani yard\u0131mlar\u0131n ula\u015ft\u0131r\u0131lmas\u0131 ve tarihi eser platformlar\u0131n\u0131n hedef al\u0131nmas\u0131 \u015feklinde y\u00f6neltilen ithamlar\u0131n ger\u00e7ekle bir ilgisi olmad\u0131\u011f\u0131n\u0131n alt\u0131n\u0131 \u00e7izen Ala, soru\u015fturma komisyonunun izledi\u011fi bu tutumun Uluslararas\u0131 \u0130nsan Haklar\u0131 Kanunlar\u0131na ayk\u0131r\u0131l\u0131k te\u015fkil etti\u011fini vurgulad\u0131.<\/p>\n<p>Silahl\u0131 ter\u00f6r gruplar\u0131n\u0131n Suriye&#8217;de okul ve hastaneleri askeri \u00fcs ve rehin ald\u0131\u011f\u0131 masum insanlar i\u00e7in i\u015fkence h\u00fccrelerine d\u00f6n\u00fc\u015ft\u00fcrd\u00fc\u011f\u00fcne dikkat \u00e7eken Ala, b\u00fct\u00fcn bu durumlar\u0131n Suriye h\u00fck\u00fcmeti taraf\u0131ndan a\u00e7\u0131k ve net bir \u015fekilde belgelenmi\u015f oldu\u011funu ibraz etti.<\/p>\n<p>Soru\u015fturma Komisyonu \u00dcyelerinin Suriye&#8217;ye d\u00fczenledikleri son ziyaretleri s\u0131ras\u0131nda Suriye H\u00fck\u00fcmetinin, \u00fclke i\u00e7inde ter\u00f6r olaylar\u0131 nedeniyle evlerinden ve topraklar\u0131ndan g\u00f6\u00e7 etmek zorunda kalan vatanda\u015flar\u0131n ihtiya\u00e7lar\u0131n\u0131 kar\u015f\u0131lamak i\u00e7in, harcad\u0131\u011f\u0131 \u00e7abalara ili\u015fkin incelemelerde bulundu\u011funa i\u015faret eden Ala, incelemeler kapsam\u0131na sunulan bilgi ve belgelerin komisyon raporlar\u0131na yans\u0131mad\u0131\u011f\u0131n\u0131 belirtti.<\/p>\n<p>Nusra Cephesi ve \u0130slam Ordusu ter\u00f6r gruplar\u0131n\u0131n bir\u00e7ok b\u00f6lgede tarihi eser ve arkeolojik platformlar\u0131 hedef alan sald\u0131r\u0131lar\u0131n\u0131n g\u00f6rmezden gelinmesinin \u00fcz\u00fcnt\u00fc verici oldu\u011funu dile getiren Ala, bu b\u00f6lgelerde ter\u00f6r gruplar\u0131 taraf\u0131ndan kaz\u0131lan t\u00fcnellerin tarihi eserleri tahrip etti\u011fini vurgulad\u0131.<\/p>\n<p>T\u00fcrkiye\u2019de kimi medya ara\u00e7lar\u0131n\u0131n yay\u0131nlad\u0131\u011f\u0131 video g\u00f6r\u00fcnt\u00fclerinin Recep Tayyip Erdo\u011fan rejiminin yard\u0131m ta\u015f\u0131d\u0131\u011f\u0131n\u0131 iddia etti\u011fi kamyonlarla Nusra Cephesi isimli ter\u00f6r \u00f6rg\u00fct\u00fcne silah g\u00f6nderdi\u011fini g\u00f6zler \u00f6n\u00fcne serdi\u011fine de\u011finen Ala, hatta kimi kamyon \u015fof\u00f6rlerinin Suriye&#8217;ye I\u015e\u0130D\u2019li ter\u00f6rist ve silah ta\u015f\u0131d\u0131klar\u0131n\u0131 itiraf ettiklerini hat\u0131rlatt\u0131.<\/p>\n<p>Ala konu\u015fmas\u0131n\u0131, Soru\u015fturma Komisyonunun Suriye h\u00fck\u00fcmetine kar\u015f\u0131 tarafl\u0131 ve \u00f6nyarg\u0131l\u0131 \u00e7izgisini s\u00fcrd\u00fcrmesinin mesleki etik ve tarafs\u0131zl\u0131k ilkelerinin ihlal etmek anlam\u0131na geldi\u011fini yineleyerek noktalad\u0131.<\/p>\n<p>F.B. &#8211; R.H.<\/p>\n","protected":false},"excerpt":{"rendered":"<p>CENEVRE \u2013 Suriye&#8217;nin BM Cenevre Karargah\u0131nda Daimi Temsilcisi H\u00fcsamettin Ala, Suriye ile ilgili uluslararas\u0131 soru\u015fturma komisyonunun \u00e7al\u0131\u015fmalar\u0131nda Suriye h\u00fck\u00fcmetine kar\u015f\u0131 tarafl\u0131 ve \u00f6n yarg\u0131l\u0131 bir \u00e7izgi izledi\u011fini ifade etti. BM \u0130nsan Haklar\u0131 Komisyonunun 29. D\u00f6nem Ola\u011fan Faaliyetleri \u00e7er\u00e7evesinde BM Suriye Soru\u015fturma Komisyonunun d\u00fcn Cenevre\u2019de d\u00fczenledi\u011fi\u00a0 ve \u015eam ve Halep\u2019te d\u00fczenlenen roket ve havan sald\u0131r\u0131lar\u0131na ili\u015fkin &hellip;<\/p>\n","protected":false},"author":1,"featured_media":38030,"comment_status":"closed","ping_status":"closed","sticky":false,"template":"","format":"standard","meta":{"footnotes":""},"categories":[458,459,447],"tags":[15375,15376],"class_list":["post-38029","post","type-post","status-publish","format-standard","has-post-thumbnail","","category-dunya1","category-haberler-arap-uluslararasi-politika","category-politika","tag-ala-uluslararasi-sorusturma-komisyonu-suriye-hukumetine-karsi-tarafli-ve-onyargili-bir-cizgi-izliyor-cenevre-suriyenin-bm-cenevre-karargahinda-daimi-temsilcisi-husamettin-ala","tag-suriye-ile-ilgili-uluslararasi-sorusturma-komisyonunun-calismalarinda-suriye-hukumetine-karsi-tarafli-ve-on-yargili-bir-cizgi-izledigini-ifade-etti"],"_links":{"self":[{"href":"https:\/\/archive.sana.sy\/tr\/index.php?rest_route=\/wp\/v2\/posts\/38029","targetHints":{"allow":["GET"]}}],"collection":[{"href":"https:\/\/archive.sana.sy\/tr\/index.php?rest_route=\/wp\/v2\/posts"}],"about":[{"href":"https:\/\/archive.sana.sy\/tr\/index.php?rest_route=\/wp\/v2\/types\/post"}],"author":[{"embeddable":true,"href":"https:\/\/archive.sana.sy\/tr\/index.php?rest_route=\/wp\/v2\/users\/1"}],"replies":[{"embeddable":true,"href":"https:\/\/archive.sana.sy\/tr\/index.php?rest_route=%2Fwp%2Fv2%2Fcomments&post=38029"}],"version-history":[{"count":0,"href":"https:\/\/archive.sana.sy\/tr\/index.php?rest_route=\/wp\/v2\/posts\/38029\/revisions"}],"wp:featuredmedia":[{"embeddable":true,"href":"https:\/\/archive.sana.sy\/tr\/index.php?rest_route=\/wp\/v2\/media\/38030"}],"wp:attachment":[{"href":"https:\/\/archive.sana.sy\/tr\/index.php?rest_route=%2Fwp%2Fv2%2Fmedia&parent=38029"}],"wp:term":[{"taxonomy":"category","embeddable":true,"href":"https:\/\/archive.sana.sy\/tr\/index.php?rest_route=%2Fwp%2Fv2%2Fcategories&post=38029"},{"taxonomy":"post_tag","embeddable":true,"href":"https:\/\/archive.sana.sy\/tr\/index.php?rest_route=%2Fwp%2Fv2%2Ftags&post=38029"}],"curies":[{"name":"wp","href":"https:\/\/api.w.org\/{rel}","templated":true}]}}